{"id":1012,"date":"2017-11-08T12:57:37","date_gmt":"2017-11-08T11:57:37","guid":{"rendered":"http:\/\/konsulat-austrii-wroclaw.pl\/?p=1012"},"modified":"2017-11-08T13:13:35","modified_gmt":"2017-11-08T12:13:35","slug":"ambasador-austrii-je-pan-werner-almhofer","status":"publish","type":"post","link":"http:\/\/konsulat-austrii-wroclaw.pl\/?p=1012","title":{"rendered":"Ambasador Austrii-JE Pan Werner Almhofer"},"content":{"rendered":"<p>W dniu 7.11.2017 r. w Pa\u0142acu Prezydenckim odby\u0142a si\u0119 ceremonia z\u0142o\u017cenia list\u00f3w uwierzytelniaj\u0105cych<!--more--><\/p>\n<p>Prezydentowi RP Panu Andrzejowi Dudzie przez ambasador\u00f3w\u00a0Republiki Austrii, Republiki Kolumbii i Republiki Czeskiej.<\/p>\n<p>Zdj\u0119cia pochodz\u0105 z oficjalnej strony Kancelarii Prezydenta RP<\/p>\n<p><a href=\"http:\/\/konsulat-austrii-wroclaw.pl\/wp-content\/uploads\/2017\/11\/Ambasador-Austrii.jpg\"><img decoding=\"async\" loading=\"lazy\" class=\"alignleft size-full wp-image-1015\" src=\"http:\/\/konsulat-austrii-wroclaw.pl\/wp-content\/uploads\/2017\/11\/Ambasador-Austrii.jpg\" alt=\"Ambasador Austrii\" width=\"1500\" height=\"1000\" srcset=\"http:\/\/konsulat-austrii-wroclaw.pl\/wp-content\/uploads\/2017\/11\/Ambasador-Austrii.jpg 1500w, http:\/\/konsulat-austrii-wroclaw.pl\/wp-content\/uploads\/2017\/11\/Ambasador-Austrii-300x200.jpg 300w, http:\/\/konsulat-austrii-wroclaw.pl\/wp-content\/uploads\/2017\/11\/Ambasador-Austrii-1024x683.jpg 1024w\" sizes=\"(max-width: 1500px) 100vw, 1500px\" \/><\/a><a href=\"http:\/\/konsulat-austrii-wroclaw.pl\/wp-content\/uploads\/2017\/11\/Prezydent-RP-i-Ambasador-Austrii.jpg\"><img decoding=\"async\" loading=\"lazy\" class=\"alignleft size-full wp-image-1013\" src=\"http:\/\/konsulat-austrii-wroclaw.pl\/wp-content\/uploads\/2017\/11\/Prezydent-RP-i-Ambasador-Austrii.jpg\" alt=\"Prezydent RP i Ambasador Austrii\" width=\"1500\" height=\"1000\" srcset=\"http:\/\/konsulat-austrii-wroclaw.pl\/wp-content\/uploads\/2017\/11\/Prezydent-RP-i-Ambasador-Austrii.jpg 1500w, http:\/\/konsulat-austrii-wroclaw.pl\/wp-content\/uploads\/2017\/11\/Prezydent-RP-i-Ambasador-Austrii-300x200.jpg 300w, http:\/\/konsulat-austrii-wroclaw.pl\/wp-content\/uploads\/2017\/11\/Prezydent-RP-i-Ambasador-Austrii-1024x683.jpg 1024w\" sizes=\"(max-width: 1500px) 100vw, 1500px\" \/><\/a><\/p>\n<p>&nbsp;<\/p>\n<p>&nbsp;<\/p>\n<p>&nbsp;<\/p>\n<p>&nbsp;<\/p>\n<p>&nbsp;<\/p>\n<p>&nbsp;<\/p>\n<p>&nbsp;<\/p>\n<p>&nbsp;<\/p>\n","protected":false},"excerpt":{"rendered":"<p>W dniu 7.11.2017 r. w Pa\u0142acu Prezydenckim odby\u0142a si\u0119 ceremonia z\u0142o\u017cenia list\u00f3w uwierzytelniaj\u0105cych<\/p>\n","protected":false},"author":3,"featured_media":1014,"comment_status":"closed","ping_status":"closed","sticky":false,"template":"","format":"standard","meta":[],"categories":[4],"tags":[],"_links":{"self":[{"href":"http:\/\/konsulat-austrii-wroclaw.pl\/index.php?rest_route=\/wp\/v2\/posts\/1012"}],"collection":[{"href":"http:\/\/konsulat-austrii-wroclaw.pl\/index.php?rest_route=\/wp\/v2\/posts"}],"about":[{"href":"http:\/\/konsulat-austrii-wroclaw.pl\/index.php?rest_route=\/wp\/v2\/types\/post"}],"author":[{"embeddable":true,"href":"http:\/\/konsulat-austrii-wroclaw.pl\/index.php?rest_route=\/wp\/v2\/users\/3"}],"replies":[{"embeddable":true,"href":"http:\/\/konsulat-austrii-wroclaw.pl\/index.php?rest_route=%2Fwp%2Fv2%2Fcomments&post=1012"}],"version-history":[{"count":0,"href":"http:\/\/konsulat-austrii-wroclaw.pl\/index.php?rest_route=\/wp\/v2\/posts\/1012\/revisions"}],"wp:featuredmedia":[{"embeddable":true,"href":"http:\/\/konsulat-austrii-wroclaw.pl\/index.php?rest_route=\/wp\/v2\/media\/1014"}],"wp:attachment":[{"href":"http:\/\/konsulat-austrii-wroclaw.pl\/index.php?rest_route=%2Fwp%2Fv2%2Fmedia&parent=1012"}],"wp:term":[{"taxonomy":"category","embeddable":true,"href":"http:\/\/konsulat-austrii-wroclaw.pl\/index.php?rest_route=%2Fwp%2Fv2%2Fcategories&post=1012"},{"taxonomy":"post_tag","embeddable":true,"href":"http:\/\/konsulat-austrii-wroclaw.pl\/index.php?rest_route=%2Fwp%2Fv2%2Ftags&post=1012"}],"curies":[{"name":"wp","href":"https:\/\/api.w.org\/{rel}","templated":true}]}}