{"id":1046,"date":"2018-01-26T13:31:56","date_gmt":"2018-01-26T12:31:56","guid":{"rendered":"http:\/\/konsulat-austrii-wroclaw.pl\/?p=1046"},"modified":"2018-01-26T13:31:56","modified_gmt":"2018-01-26T12:31:56","slug":"relacja-video-z-balu-wiedenskiego-2018","status":"publish","type":"post","link":"http:\/\/konsulat-austrii-wroclaw.pl\/?p=1046","title":{"rendered":"Relacja video z Balu Wiede\u0144skiego 2018"},"content":{"rendered":"<p>Serdecznie zapraszamy do zapoznania si\u0119 z kr\u00f3tk\u0105 relacj\u0105 filmow\u0105 z tegorocznego Balu Wiede\u0144skiego Prawnika i Lekarza!<\/p>\n<p><a href=\"https:\/\/www.youtube.com\/watch?v=9XmopWaTqRM\" target=\"_blank\">Bal Wiede\u0144ski 2018<\/a><\/p>\n","protected":false},"excerpt":{"rendered":"<p>Serdecznie zapraszamy do zapoznania si\u0119 z kr\u00f3tk\u0105 relacj\u0105 filmow\u0105 z tegorocznego Balu Wiede\u0144skiego Prawnika i Lekarza! Bal Wiede\u0144ski 2018<\/p>\n","protected":false},"author":3,"featured_media":1019,"comment_status":"closed","ping_status":"closed","sticky":false,"template":"","format":"standard","meta":[],"categories":[4],"tags":[],"_links":{"self":[{"href":"http:\/\/konsulat-austrii-wroclaw.pl\/index.php?rest_route=\/wp\/v2\/posts\/1046"}],"collection":[{"href":"http:\/\/konsulat-austrii-wroclaw.pl\/index.php?rest_route=\/wp\/v2\/posts"}],"about":[{"href":"http:\/\/konsulat-austrii-wroclaw.pl\/index.php?rest_route=\/wp\/v2\/types\/post"}],"author":[{"embeddable":true,"href":"http:\/\/konsulat-austrii-wroclaw.pl\/index.php?rest_route=\/wp\/v2\/users\/3"}],"replies":[{"embeddable":true,"href":"http:\/\/konsulat-austrii-wroclaw.pl\/index.php?rest_route=%2Fwp%2Fv2%2Fcomments&post=1046"}],"version-history":[{"count":0,"href":"http:\/\/konsulat-austrii-wroclaw.pl\/index.php?rest_route=\/wp\/v2\/posts\/1046\/revisions"}],"wp:featuredmedia":[{"embeddable":true,"href":"http:\/\/konsulat-austrii-wroclaw.pl\/index.php?rest_route=\/wp\/v2\/media\/1019"}],"wp:attachment":[{"href":"http:\/\/konsulat-austrii-wroclaw.pl\/index.php?rest_route=%2Fwp%2Fv2%2Fmedia&parent=1046"}],"wp:term":[{"taxonomy":"category","embeddable":true,"href":"http:\/\/konsulat-austrii-wroclaw.pl\/index.php?rest_route=%2Fwp%2Fv2%2Fcategories&post=1046"},{"taxonomy":"post_tag","embeddable":true,"href":"http:\/\/konsulat-austrii-wroclaw.pl\/index.php?rest_route=%2Fwp%2Fv2%2Ftags&post=1046"}],"curies":[{"name":"wp","href":"https:\/\/api.w.org\/{rel}","templated":true}]}}