{"id":1137,"date":"2018-07-09T12:53:22","date_gmt":"2018-07-09T10:53:22","guid":{"rendered":"http:\/\/konsulat-austrii-wroclaw.pl\/?p=1137"},"modified":"2018-07-09T12:53:22","modified_gmt":"2018-07-09T10:53:22","slug":"forum-regionow-trojmorza","status":"publish","type":"post","link":"http:\/\/konsulat-austrii-wroclaw.pl\/?p=1137","title":{"rendered":"Forum Region\u00f3w Tr\u00f3jmorza"},"content":{"rendered":"<p>Konsul Honorowy Austrii we Wroc\u0142awiu, dr Edward W\u0105siewicz w dniu 3 lipca 2018 r. wzi\u0105\u0142 udzia\u0142 w Forum Region\u00f3w Tr\u00f3jmorza, kt\u00f3re mia\u0142o miejsce w podrzeszowskim CWK G2A Arena. Organizatorem Forum by\u0142 Marsza\u0142ek Wojew\u00f3dztwa Podkarpackiego, W\u0142adys\u0142aw Ortyl.<!--more--><\/p>\n<p>W\u015br\u00f3d go\u015bci Forum znale\u017ali si\u0119 Prezydent RP Andrzej Duda, Marsza\u0142ka Sejmu RP Marek Kuchci\u0144ski oraz wielu polityk\u00f3w, samorz\u0105dowc\u00f3w, przedstawicieli \u015bwiata nauki, gospodarki i biznesu a tak\u017ce organizacji z r\u00f3\u017cnych zak\u0105tk\u00f3w Polski i Europy.<\/p>\n<p>Celem tej inicjatywy jest pog\u0142\u0119bianie ju\u017c istniej\u0105cej oraz nawi\u0105zanie nowej wsp\u00f3\u0142pracy pomi\u0119dzy dwunastoma pa\u0144stwami cz\u0142onkowskimi Unii Europejskiej z regionu Europy \u015arodkowo\u2013Wschodniej. Chodzi o kraje po\u0142o\u017cone mi\u0119dzy Adriatykiem, Ba\u0142tykiem i Morzem Czarnym. Forum jest uzupe\u0142nieniem dotychczasowych dzia\u0142a\u0144 o aspekt regionalny, kt\u00f3ry ma s\u0142u\u017cy\u0107 umacnianiu idei Tr\u00f3jmorza na poziomie europejskich region\u00f3w. Tym samym ma tworzy\u0107 dla nich kolejny fundament do budowania partnerskich relacji oraz podejmowania wsp\u00f3lnych przedsi\u0119wzi\u0119\u0107. W trakcie obrad zaplanowane zosta\u0142y dwa panele. Pierwszy po\u015bwi\u0119cony by\u0142 inicjatywie Tr\u00f3jmorza w kontek\u015bcie wyzwa\u0144 i szans jakie niesie dla region\u00f3w, drugi &#8211; idei Via Carpatia, jako szlaku wsp\u00f3lnych interes\u00f3w dla region\u00f3w.<\/p>\n<p>Materia\u0142y fotograficzne udost\u0119pnione przez Biuro Prasowe UMWP.<\/p>\n<figure id=\"attachment_1138\" class=\"thumbnail wp-caption alignleft\" style=\"width: 1620px\"><a href=\"http:\/\/konsulat-austrii-wroclaw.pl\/wp-content\/uploads\/2018\/07\/Prezydent-RP-i-Marsza\u0142ek-Woj.-Podkarpackiego.jpg\"><img decoding=\"async\" loading=\"lazy\" class=\"size-full wp-image-1138\" src=\"http:\/\/konsulat-austrii-wroclaw.pl\/wp-content\/uploads\/2018\/07\/Prezydent-RP-i-Marsza\u0142ek-Woj.-Podkarpackiego.jpg\" alt=\"Foto Kozik Daniel\" width=\"1620\" height=\"1080\" srcset=\"http:\/\/konsulat-austrii-wroclaw.pl\/wp-content\/uploads\/2018\/07\/Prezydent-RP-i-Marsza\u0142ek-Woj.-Podkarpackiego.jpg 1620w, http:\/\/konsulat-austrii-wroclaw.pl\/wp-content\/uploads\/2018\/07\/Prezydent-RP-i-Marsza\u0142ek-Woj.-Podkarpackiego-300x200.jpg 300w, http:\/\/konsulat-austrii-wroclaw.pl\/wp-content\/uploads\/2018\/07\/Prezydent-RP-i-Marsza\u0142ek-Woj.-Podkarpackiego-1024x683.jpg 1024w\" sizes=\"(max-width: 1620px) 100vw, 1620px\" \/><\/a><figcaption class=\"caption wp-caption-text\">Foto Kozik Daniel<\/figcaption><\/figure>\n<figure id=\"attachment_1139\" class=\"thumbnail wp-caption alignleft\" style=\"width: 1620px\"><a href=\"http:\/\/konsulat-austrii-wroclaw.pl\/wp-content\/uploads\/2018\/07\/Go\u015bcie-Forum.jpg\"><img decoding=\"async\" loading=\"lazy\" class=\"size-full wp-image-1139\" src=\"http:\/\/konsulat-austrii-wroclaw.pl\/wp-content\/uploads\/2018\/07\/Go\u015bcie-Forum.jpg\" alt=\"Foto Kozik Daniel\" width=\"1620\" height=\"1080\" srcset=\"http:\/\/konsulat-austrii-wroclaw.pl\/wp-content\/uploads\/2018\/07\/Go\u015bcie-Forum.jpg 1620w, http:\/\/konsulat-austrii-wroclaw.pl\/wp-content\/uploads\/2018\/07\/Go\u015bcie-Forum-300x200.jpg 300w, http:\/\/konsulat-austrii-wroclaw.pl\/wp-content\/uploads\/2018\/07\/Go\u015bcie-Forum-1024x683.jpg 1024w\" sizes=\"(max-width: 1620px) 100vw, 1620px\" \/><\/a><figcaption class=\"caption wp-caption-text\">Foto Kozik Daniel<\/figcaption><\/figure>\n<figure id=\"attachment_1140\" class=\"thumbnail wp-caption alignleft\" style=\"width: 1200px\"><a href=\"http:\/\/konsulat-austrii-wroclaw.pl\/wp-content\/uploads\/2018\/07\/04.jpg\"><img decoding=\"async\" loading=\"lazy\" class=\"size-full wp-image-1140\" src=\"http:\/\/konsulat-austrii-wroclaw.pl\/wp-content\/uploads\/2018\/07\/04.jpg\" alt=\"Foto Micha\u0142 Mielniczuk\" width=\"1200\" height=\"800\" srcset=\"http:\/\/konsulat-austrii-wroclaw.pl\/wp-content\/uploads\/2018\/07\/04.jpg 1200w, http:\/\/konsulat-austrii-wroclaw.pl\/wp-content\/uploads\/2018\/07\/04-300x200.jpg 300w, http:\/\/konsulat-austrii-wroclaw.pl\/wp-content\/uploads\/2018\/07\/04-1024x683.jpg 1024w\" sizes=\"(max-width: 1200px) 100vw, 1200px\" \/><\/a><figcaption class=\"caption wp-caption-text\">Foto Micha\u0142 Mielniczuk<\/figcaption><\/figure>\n<figure id=\"attachment_1141\" class=\"thumbnail wp-caption alignleft\" style=\"width: 1200px\"><a href=\"http:\/\/konsulat-austrii-wroclaw.pl\/wp-content\/uploads\/2018\/07\/11.jpg\"><img decoding=\"async\" loading=\"lazy\" class=\"size-full wp-image-1141\" src=\"http:\/\/konsulat-austrii-wroclaw.pl\/wp-content\/uploads\/2018\/07\/11.jpg\" alt=\"Foto Micha\u0142 Mielniczuk \" width=\"1200\" height=\"800\" srcset=\"http:\/\/konsulat-austrii-wroclaw.pl\/wp-content\/uploads\/2018\/07\/11.jpg 1200w, http:\/\/konsulat-austrii-wroclaw.pl\/wp-content\/uploads\/2018\/07\/11-300x200.jpg 300w, http:\/\/konsulat-austrii-wroclaw.pl\/wp-content\/uploads\/2018\/07\/11-1024x683.jpg 1024w\" sizes=\"(max-width: 1200px) 100vw, 1200px\" \/><\/a><figcaption class=\"caption wp-caption-text\">Foto Micha\u0142 Mielniczuk<\/figcaption><\/figure>\n","protected":false},"excerpt":{"rendered":"<p>Konsul Honorowy Austrii we Wroc\u0142awiu, dr Edward W\u0105siewicz w dniu 3 lipca 2018 r. wzi\u0105\u0142 udzia\u0142 w Forum Region\u00f3w Tr\u00f3jmorza, kt\u00f3re mia\u0142o miejsce w podrzeszowskim CWK G2A Arena. Organizatorem Forum by\u0142 Marsza\u0142ek Wojew\u00f3dztwa Podkarpackiego, W\u0142adys\u0142aw Ortyl.<\/p>\n","protected":false},"author":3,"featured_media":1142,"comment_status":"closed","ping_status":"closed","sticky":false,"template":"","format":"standard","meta":[],"categories":[4],"tags":[],"_links":{"self":[{"href":"http:\/\/konsulat-austrii-wroclaw.pl\/index.php?rest_route=\/wp\/v2\/posts\/1137"}],"collection":[{"href":"http:\/\/konsulat-austrii-wroclaw.pl\/index.php?rest_route=\/wp\/v2\/posts"}],"about":[{"href":"http:\/\/konsulat-austrii-wroclaw.pl\/index.php?rest_route=\/wp\/v2\/types\/post"}],"author":[{"embeddable":true,"href":"http:\/\/konsulat-austrii-wroclaw.pl\/index.php?rest_route=\/wp\/v2\/users\/3"}],"replies":[{"embeddable":true,"href":"http:\/\/konsulat-austrii-wroclaw.pl\/index.php?rest_route=%2Fwp%2Fv2%2Fcomments&post=1137"}],"version-history":[{"count":0,"href":"http:\/\/konsulat-austrii-wroclaw.pl\/index.php?rest_route=\/wp\/v2\/posts\/1137\/revisions"}],"wp:featuredmedia":[{"embeddable":true,"href":"http:\/\/konsulat-austrii-wroclaw.pl\/index.php?rest_route=\/wp\/v2\/media\/1142"}],"wp:attachment":[{"href":"http:\/\/konsulat-austrii-wroclaw.pl\/index.php?rest_route=%2Fwp%2Fv2%2Fmedia&parent=1137"}],"wp:term":[{"taxonomy":"category","embeddable":true,"href":"http:\/\/konsulat-austrii-wroclaw.pl\/index.php?rest_route=%2Fwp%2Fv2%2Fcategories&post=1137"},{"taxonomy":"post_tag","embeddable":true,"href":"http:\/\/konsulat-austrii-wroclaw.pl\/index.php?rest_route=%2Fwp%2Fv2%2Ftags&post=1137"}],"curies":[{"name":"wp","href":"https:\/\/api.w.org\/{rel}","templated":true}]}}