{"id":1148,"date":"2018-09-03T13:41:33","date_gmt":"2018-09-03T11:41:33","guid":{"rendered":"http:\/\/konsulat-austrii-wroclaw.pl\/?p=1148"},"modified":"2018-09-03T13:42:15","modified_gmt":"2018-09-03T11:42:15","slug":"public-diplomacy-for-europe","status":"publish","type":"post","link":"http:\/\/konsulat-austrii-wroclaw.pl\/?p=1148","title":{"rendered":"Public Diplomacy for Europe"},"content":{"rendered":"<p>Konsul Honorowy Austrii we Wroc\u0142awiu, dr Edward W\u0105siewicz uczestniczy\u0142 w dwucz\u0119\u015bciowej konferencji po\u015bwi\u0119conej idei dyplomacji regionalnej i ekonomicznej oraz wizji zjednoczonej Europy.<!--more--><\/p>\n<p>Pierwsza z konferencji zorganizowana zosta\u0142a przez Collegium Nobilium Opoliense w dniach 27-28.08.2018 r. w Opolu-Sulis\u0142awiu i po\u015bwi\u0119cona by\u0142a Dyplomacji Publicznej w Europie. Pan Konsul by\u0142 jednym z panelist\u00f3w seminarium pt. <strong>Dyplomacja publiczna: kulturalna, samorz\u0105dowa i ekonomiczna jako odpowied\u017a na problem politycznej jedno\u015bci w Europie<\/strong>. Pozosta\u0142ymi panelistami byli: Evelyne Temmam (wiceburmistrz Vence we Francji), P\u00e9ter R\u00f3th (wiceburmistrz Sz\u00e9kesfeh\u00e9rw\u00e1r na W\u0119grzech) oraz Neva Sadikoglu-Novaky (sekretarz generalna grupy Europejskich Konserwatyst\u00f3w i reformator\u00f3w w Europejskim Komitecie Region\u00f3w).<\/p>\n<p>Druga konferencja zorganizowana zosta\u0142a przez Ministerstwo Przedsi\u0119biorczo\u015bci i Technologii w Warszawie w dniach 29-30.08.2018 r. i by\u0142a okazj\u0105 do zaprezentowania idei europejskiego Szczytu Dyplomacji Regionalnej i Ekonomicznej, \u00a0planowanego na czerwiec 2019 r. W programie znalaz\u0142y si\u0119 m.in. dyskusje na temat Potencja\u0142u gospodarczego dyplomacji samorz\u0105dowej oraz Dyplomacji m\u0142odych.<\/p>\n<p>Zdj\u0119cia udost\u0119pnione przez Collegium Nobilium Opoliense<\/p>\n<p><a href=\"http:\/\/konsulat-austrii-wroclaw.pl\/wp-content\/uploads\/2018\/09\/Konsul-Honorowy-Austrii-podczas-Panelu-Dyplomacja-publiczna.jpg\"><img decoding=\"async\" loading=\"lazy\" class=\"alignleft size-full wp-image-1150\" src=\"http:\/\/konsulat-austrii-wroclaw.pl\/wp-content\/uploads\/2018\/09\/Konsul-Honorowy-Austrii-podczas-Panelu-Dyplomacja-publiczna.jpg\" alt=\"Konsul Honorowy Austrii podczas Panelu Dyplomacja publiczna\" width=\"2048\" height=\"1638\" srcset=\"http:\/\/konsulat-austrii-wroclaw.pl\/wp-content\/uploads\/2018\/09\/Konsul-Honorowy-Austrii-podczas-Panelu-Dyplomacja-publiczna.jpg 2048w, http:\/\/konsulat-austrii-wroclaw.pl\/wp-content\/uploads\/2018\/09\/Konsul-Honorowy-Austrii-podczas-Panelu-Dyplomacja-publiczna-300x240.jpg 300w, http:\/\/konsulat-austrii-wroclaw.pl\/wp-content\/uploads\/2018\/09\/Konsul-Honorowy-Austrii-podczas-Panelu-Dyplomacja-publiczna-1024x819.jpg 1024w\" sizes=\"(max-width: 2048px) 100vw, 2048px\" \/><\/a><a href=\"http:\/\/konsulat-austrii-wroclaw.pl\/wp-content\/uploads\/2018\/09\/Public-Diplomacy-for-Europe_panel.jpg\"><img decoding=\"async\" loading=\"lazy\" class=\"alignleft size-full wp-image-1151\" src=\"http:\/\/konsulat-austrii-wroclaw.pl\/wp-content\/uploads\/2018\/09\/Public-Diplomacy-for-Europe_panel.jpg\" alt=\"Public Diplomacy for Europe_panel\" width=\"2048\" height=\"1365\" srcset=\"http:\/\/konsulat-austrii-wroclaw.pl\/wp-content\/uploads\/2018\/09\/Public-Diplomacy-for-Europe_panel.jpg 2048w, http:\/\/konsulat-austrii-wroclaw.pl\/wp-content\/uploads\/2018\/09\/Public-Diplomacy-for-Europe_panel-300x200.jpg 300w, http:\/\/konsulat-austrii-wroclaw.pl\/wp-content\/uploads\/2018\/09\/Public-Diplomacy-for-Europe_panel-1024x683.jpg 1024w\" sizes=\"(max-width: 2048px) 100vw, 2048px\" \/><\/a> <a href=\"http:\/\/konsulat-austrii-wroclaw.pl\/wp-content\/uploads\/2018\/09\/uczestnicy-Konferencji-Dyplomacja-Publiczna-w-Europie.jpg\"><img decoding=\"async\" loading=\"lazy\" class=\"alignleft size-full wp-image-1152\" src=\"http:\/\/konsulat-austrii-wroclaw.pl\/wp-content\/uploads\/2018\/09\/uczestnicy-Konferencji-Dyplomacja-Publiczna-w-Europie.jpg\" alt=\"uczestnicy Konferencji Dyplomacja Publiczna w Europie\" width=\"2048\" height=\"1365\" srcset=\"http:\/\/konsulat-austrii-wroclaw.pl\/wp-content\/uploads\/2018\/09\/uczestnicy-Konferencji-Dyplomacja-Publiczna-w-Europie.jpg 2048w, http:\/\/konsulat-austrii-wroclaw.pl\/wp-content\/uploads\/2018\/09\/uczestnicy-Konferencji-Dyplomacja-Publiczna-w-Europie-300x200.jpg 300w, http:\/\/konsulat-austrii-wroclaw.pl\/wp-content\/uploads\/2018\/09\/uczestnicy-Konferencji-Dyplomacja-Publiczna-w-Europie-1024x683.jpg 1024w\" sizes=\"(max-width: 2048px) 100vw, 2048px\" \/><\/a><\/p>\n<p>&nbsp;<\/p>\n<p>&nbsp;<\/p>\n<p>&nbsp;<\/p>\n<p>&nbsp;<\/p>\n<p>&nbsp;<\/p>\n","protected":false},"excerpt":{"rendered":"<p>Konsul Honorowy Austrii we Wroc\u0142awiu, dr Edward W\u0105siewicz uczestniczy\u0142 w dwucz\u0119\u015bciowej konferencji po\u015bwi\u0119conej idei dyplomacji regionalnej i ekonomicznej oraz wizji zjednoczonej Europy.<\/p>\n","protected":false},"author":3,"featured_media":1153,"comment_status":"closed","ping_status":"closed","sticky":false,"template":"","format":"standard","meta":[],"categories":[4],"tags":[],"_links":{"self":[{"href":"http:\/\/konsulat-austrii-wroclaw.pl\/index.php?rest_route=\/wp\/v2\/posts\/1148"}],"collection":[{"href":"http:\/\/konsulat-austrii-wroclaw.pl\/index.php?rest_route=\/wp\/v2\/posts"}],"about":[{"href":"http:\/\/konsulat-austrii-wroclaw.pl\/index.php?rest_route=\/wp\/v2\/types\/post"}],"author":[{"embeddable":true,"href":"http:\/\/konsulat-austrii-wroclaw.pl\/index.php?rest_route=\/wp\/v2\/users\/3"}],"replies":[{"embeddable":true,"href":"http:\/\/konsulat-austrii-wroclaw.pl\/index.php?rest_route=%2Fwp%2Fv2%2Fcomments&post=1148"}],"version-history":[{"count":0,"href":"http:\/\/konsulat-austrii-wroclaw.pl\/index.php?rest_route=\/wp\/v2\/posts\/1148\/revisions"}],"wp:featuredmedia":[{"embeddable":true,"href":"http:\/\/konsulat-austrii-wroclaw.pl\/index.php?rest_route=\/wp\/v2\/media\/1153"}],"wp:attachment":[{"href":"http:\/\/konsulat-austrii-wroclaw.pl\/index.php?rest_route=%2Fwp%2Fv2%2Fmedia&parent=1148"}],"wp:term":[{"taxonomy":"category","embeddable":true,"href":"http:\/\/konsulat-austrii-wroclaw.pl\/index.php?rest_route=%2Fwp%2Fv2%2Fcategories&post=1148"},{"taxonomy":"post_tag","embeddable":true,"href":"http:\/\/konsulat-austrii-wroclaw.pl\/index.php?rest_route=%2Fwp%2Fv2%2Ftags&post=1148"}],"curies":[{"name":"wp","href":"https:\/\/api.w.org\/{rel}","templated":true}]}}