{"id":1179,"date":"2018-10-23T13:41:11","date_gmt":"2018-10-23T11:41:11","guid":{"rendered":"http:\/\/konsulat-austrii-wroclaw.pl\/?p=1179"},"modified":"2018-10-23T13:41:11","modified_gmt":"2018-10-23T11:41:11","slug":"60-lecie-istnienia-sp-nr-68-we-wroclawiu","status":"publish","type":"post","link":"http:\/\/konsulat-austrii-wroclaw.pl\/?p=1179","title":{"rendered":"60-lecie istnienia SP nr 68 we Wroc\u0142awiu"},"content":{"rendered":"<p><strong>12 pa\u017adziernika 2018 r. mia\u0142o miejsce wa\u017cne wydarzenie w \u017cyciu spo\u0142eczno\u015bci szkolnej we Wroc\u0142awiu.<\/strong><!--more--><\/p>\n<p>60 lat min\u0119\u0142o jak jeden dzie\u0144 &#8230;. w Szkole Podstawowej nr 68 \u00a0im. II Tysi\u0105clecia Wroc\u0142awia.<\/p>\n<p>Wspania\u0142y Jubileusz, przygotowany przez szkolnych artyst\u00f3w i nauczycieli u\u015bwietni\u0142o liczne grono przyjaci\u00f3\u0142 szko\u0142y. W\u015br\u00f3d nich by\u0142 obecny Konsul Honorowy Austrii, doktor Edward W\u0105siewicz. Do zebranych w tym dniu uczni\u00f3w i ich go\u015bci par\u0119 ciep\u0142ych s\u0142\u00f3w skierowa\u0142 r\u00f3wnie\u017c on m\u00f3wi\u0105c m.in. o warto\u015bci historii i\u00a0znaczeniu ludzkich postaw dla wychowania przysz\u0142ych pokole\u0144.<\/p>\n<p>Jeszcze raz sk\u0142adamy uczniom, gronu pedagogicznemu i pracownikom SP nr 68 we Wroc\u0142awiu gratulacje z okazji tak wyj\u0105tkowego Jubileuszu!<\/p>\n<p><a href=\"http:\/\/konsulat-austrii-wroclaw.pl\/wp-content\/uploads\/2018\/10\/KOnsul-w-SP-68.jpg\"><img decoding=\"async\" loading=\"lazy\" class=\"alignleft size-full wp-image-1180\" src=\"http:\/\/konsulat-austrii-wroclaw.pl\/wp-content\/uploads\/2018\/10\/KOnsul-w-SP-68.jpg\" alt=\"KOnsul w SP 68\" width=\"501\" height=\"480\" srcset=\"http:\/\/konsulat-austrii-wroclaw.pl\/wp-content\/uploads\/2018\/10\/KOnsul-w-SP-68.jpg 501w, http:\/\/konsulat-austrii-wroclaw.pl\/wp-content\/uploads\/2018\/10\/KOnsul-w-SP-68-300x287.jpg 300w\" sizes=\"(max-width: 501px) 100vw, 501px\" \/><\/a><\/p>\n","protected":false},"excerpt":{"rendered":"<p>12 pa\u017adziernika 2018 r. mia\u0142o miejsce wa\u017cne wydarzenie w \u017cyciu spo\u0142eczno\u015bci szkolnej we Wroc\u0142awiu.<\/p>\n","protected":false},"author":3,"featured_media":1181,"comment_status":"closed","ping_status":"closed","sticky":false,"template":"","format":"standard","meta":[],"categories":[4],"tags":[],"_links":{"self":[{"href":"http:\/\/konsulat-austrii-wroclaw.pl\/index.php?rest_route=\/wp\/v2\/posts\/1179"}],"collection":[{"href":"http:\/\/konsulat-austrii-wroclaw.pl\/index.php?rest_route=\/wp\/v2\/posts"}],"about":[{"href":"http:\/\/konsulat-austrii-wroclaw.pl\/index.php?rest_route=\/wp\/v2\/types\/post"}],"author":[{"embeddable":true,"href":"http:\/\/konsulat-austrii-wroclaw.pl\/index.php?rest_route=\/wp\/v2\/users\/3"}],"replies":[{"embeddable":true,"href":"http:\/\/konsulat-austrii-wroclaw.pl\/index.php?rest_route=%2Fwp%2Fv2%2Fcomments&post=1179"}],"version-history":[{"count":0,"href":"http:\/\/konsulat-austrii-wroclaw.pl\/index.php?rest_route=\/wp\/v2\/posts\/1179\/revisions"}],"wp:featuredmedia":[{"embeddable":true,"href":"http:\/\/konsulat-austrii-wroclaw.pl\/index.php?rest_route=\/wp\/v2\/media\/1181"}],"wp:attachment":[{"href":"http:\/\/konsulat-austrii-wroclaw.pl\/index.php?rest_route=%2Fwp%2Fv2%2Fmedia&parent=1179"}],"wp:term":[{"taxonomy":"category","embeddable":true,"href":"http:\/\/konsulat-austrii-wroclaw.pl\/index.php?rest_route=%2Fwp%2Fv2%2Fcategories&post=1179"},{"taxonomy":"post_tag","embeddable":true,"href":"http:\/\/konsulat-austrii-wroclaw.pl\/index.php?rest_route=%2Fwp%2Fv2%2Ftags&post=1179"}],"curies":[{"name":"wp","href":"https:\/\/api.w.org\/{rel}","templated":true}]}}