{"id":1229,"date":"2018-12-07T13:41:43","date_gmt":"2018-12-07T12:41:43","guid":{"rendered":"http:\/\/konsulat-austrii-wroclaw.pl\/?p=1229"},"modified":"2018-12-07T13:42:28","modified_gmt":"2018-12-07T12:42:28","slug":"wizyta-burmistrza-powiatu-wroclawskiego","status":"publish","type":"post","link":"http:\/\/konsulat-austrii-wroclaw.pl\/?p=1229","title":{"rendered":"Wizyta Starosty Powiatu Wroc\u0142awskiego"},"content":{"rendered":"<p>W dniu 6 grudnia 2018 r. Konsul Honorowy Austrii we Wroc\u0142awiu go\u015bci\u0142 u siebie Starost\u0119 Powiatu Wroc\u0142awskiego,<!--more--> pana Romana Potockiego. Wizyta mia\u0142a charakter kurtuazyjny, ale pozwoli\u0142a r\u00f3wnie\u017c podj\u0105\u0107 tematy ewentualnej wsp\u00f3\u0142pracy w obszarze edukacji zawodowej oraz wsparcia Konsulatu przy rozwijaniu partnerstw Powiatu Wroc\u0142awskiego ze stron\u0105 austriack\u0105.<a href=\"http:\/\/konsulat-austrii-wroclaw.pl\/wp-content\/uploads\/2018\/12\/wizyta-Starosty1-e1544186361862.jpg\"><img decoding=\"async\" loading=\"lazy\" class=\"alignleft size-full wp-image-1231\" src=\"http:\/\/konsulat-austrii-wroclaw.pl\/wp-content\/uploads\/2018\/12\/wizyta-Starosty1-e1544186361862.jpg\" alt=\"wizyta Starosty\" width=\"480\" height=\"642\" srcset=\"http:\/\/konsulat-austrii-wroclaw.pl\/wp-content\/uploads\/2018\/12\/wizyta-Starosty1-e1544186361862.jpg 480w, http:\/\/konsulat-austrii-wroclaw.pl\/wp-content\/uploads\/2018\/12\/wizyta-Starosty1-e1544186361862-224x300.jpg 224w\" sizes=\"(max-width: 480px) 100vw, 480px\" \/><\/a><\/p>\n","protected":false},"excerpt":{"rendered":"<p>W dniu 6 grudnia 2018 r. Konsul Honorowy Austrii we Wroc\u0142awiu go\u015bci\u0142 u siebie Starost\u0119 Powiatu Wroc\u0142awskiego,<\/p>\n","protected":false},"author":3,"featured_media":1232,"comment_status":"closed","ping_status":"closed","sticky":false,"template":"","format":"standard","meta":[],"categories":[4],"tags":[],"_links":{"self":[{"href":"http:\/\/konsulat-austrii-wroclaw.pl\/index.php?rest_route=\/wp\/v2\/posts\/1229"}],"collection":[{"href":"http:\/\/konsulat-austrii-wroclaw.pl\/index.php?rest_route=\/wp\/v2\/posts"}],"about":[{"href":"http:\/\/konsulat-austrii-wroclaw.pl\/index.php?rest_route=\/wp\/v2\/types\/post"}],"author":[{"embeddable":true,"href":"http:\/\/konsulat-austrii-wroclaw.pl\/index.php?rest_route=\/wp\/v2\/users\/3"}],"replies":[{"embeddable":true,"href":"http:\/\/konsulat-austrii-wroclaw.pl\/index.php?rest_route=%2Fwp%2Fv2%2Fcomments&post=1229"}],"version-history":[{"count":0,"href":"http:\/\/konsulat-austrii-wroclaw.pl\/index.php?rest_route=\/wp\/v2\/posts\/1229\/revisions"}],"wp:featuredmedia":[{"embeddable":true,"href":"http:\/\/konsulat-austrii-wroclaw.pl\/index.php?rest_route=\/wp\/v2\/media\/1232"}],"wp:attachment":[{"href":"http:\/\/konsulat-austrii-wroclaw.pl\/index.php?rest_route=%2Fwp%2Fv2%2Fmedia&parent=1229"}],"wp:term":[{"taxonomy":"category","embeddable":true,"href":"http:\/\/konsulat-austrii-wroclaw.pl\/index.php?rest_route=%2Fwp%2Fv2%2Fcategories&post=1229"},{"taxonomy":"post_tag","embeddable":true,"href":"http:\/\/konsulat-austrii-wroclaw.pl\/index.php?rest_route=%2Fwp%2Fv2%2Ftags&post=1229"}],"curies":[{"name":"wp","href":"https:\/\/api.w.org\/{rel}","templated":true}]}}