{"id":1240,"date":"2019-03-05T13:41:28","date_gmt":"2019-03-05T12:41:28","guid":{"rendered":"http:\/\/konsulat-austrii-wroclaw.pl\/?p=1240"},"modified":"2019-03-05T13:41:28","modified_gmt":"2019-03-05T12:41:28","slug":"xxii-edycja-konkursu-austria-kraj-i-mieszkancy","status":"publish","type":"post","link":"http:\/\/konsulat-austrii-wroclaw.pl\/?p=1240","title":{"rendered":"XXII edycja konkursu &#8222;Austria &#8211; kraj i mieszka\u0144cy&#8221;"},"content":{"rendered":"<p>Biblioteka Austriacka Wojew\u00f3dzkiej Biblioteki Publicznej w Opolu og\u0142asza XXII og\u00f3lnopolski konkurs wiedzy \u201eAustria &#8211; kraj i mieszka\u0144cy\u201d, <!--more--><\/p>\n<p>kt\u00f3rego celem jest zach\u0119cenie do poszerzania szeroko rozumianej wiedzy o historii, geografii i kulturze Austrii.<\/p>\n<p>Konkurs obejmowa\u0107 b\u0119dzie zakres wiedzy z historii, geografii, nauki, kultury, \u017cycia spo\u0142ecznego i politycznego Austrii, a pytania formu\u0142owane b\u0119d\u0105 w j\u0119zyku polskim.<\/p>\n<p>Konkurs ma charakter og\u00f3lnopolski, a g\u0142\u00f3wn\u0105 nagrod\u0105 jest weekendowa wycieczka do Wiednia ufundowana przez Biuro Podr\u00f3\u017cy Almatur w Opolu. Dla zdobywc\u00f3w 2 i 3 miejsca przewidziane s\u0105 atrakcyjne nagrody rzeczowe dzi\u0119ki wsparciu Konsula Honorowego Republiki Austrii we Wroc\u0142awiu.<\/p>\n<p>W konkursie mog\u0105 wzi\u0105\u0107 udzia\u0142 wszystkie ch\u0119tne osoby, bez ogranicze\u0144 wiekowych, z wyj\u0105tkiem laureat\u00f3w wcze\u015bniejszych edycji. Zalecany jest udzia\u0142 os\u00f3b od 13 roku \u017cycia. Pierwszy etap konkursu, eliminacje szkolne,\u00a0 odb\u0119dzie si\u0119 <strong>12 marca 2019 r.<\/strong> (wtorek), natomiast p\u00f3\u0142fina\u0142 i \u015bcis\u0142y fina\u0142 dla najlepszych uczestnik\u00f3w eliminacji zaplanowano na pocz\u0105tek kwietnia 2019.<\/p>\n<p>Ciesz\u0105cy si\u0119 coraz wi\u0119kszym zainteresowaniem konkurs o Austrii organizowany jest w ramach\u00a0 19. Wiosny Austriackiej.<\/p>\n<p>Zapisy via e-mail prosz\u0119 kierowa\u0107 do <strong>8 marca<\/strong> <strong>2019 r.<\/strong> na adres: <a href=\"mailto:ba@wbp.opole.pl\">ba@wbp.opole.pl<\/a><\/p>\n<p>Przyj\u0119cie nades\u0142anego zg\u0142oszenia potwierdzone zostanie mailowo do dw\u00f3ch dni roboczych. W przypadku nieotrzymania potwierdzenia prosimy o kontakt telefoniczny: 77 47 47\u00a0085.<\/p>\n<p>Zapraszamy do udzia\u0142u i razie w\u0105tpliwo\u015bci prosimy o kontakt.<\/p>\n<p>&nbsp;<\/p>\n<p>Wojew\u00f3dzka Biblioteka Publiczna w Opolu<br \/>\nBiblioteka Austriacka &#8211; \u00d6sterreich-Bibliothek<br \/>\npl. Pi\u0142sudskiego 5<\/p>\n<p>45-706 Opole<br \/>\ntel. +48\/ 77\/ 47 47 085<br \/>\ne-mail: ba@wbp.opole.pl<\/p>\n<p><a href=\"http:\/\/www.ba.wbp.opole.pl\">www.ba.wbp.opole.pl<\/a><\/p>\n<p><strong>Patronat i wsparcie konkursu:<\/strong> dr Edward W\u0105siewicz, Konsul Honorowy Republiki Austrii we\u00a0\u00a0\u00a0\u00a0\u00a0 Wroc\u0142awiu<\/p>\n<p><strong>Sponsor : Almatur<br \/>\n<\/strong><\/p>\n<p>&nbsp;<\/p>\n<p>&nbsp;<\/p>\n","protected":false},"excerpt":{"rendered":"<p>Biblioteka Austriacka Wojew\u00f3dzkiej Biblioteki Publicznej w Opolu og\u0142asza XXII og\u00f3lnopolski konkurs wiedzy \u201eAustria &#8211; kraj i mieszka\u0144cy\u201d,<\/p>\n","protected":false},"author":3,"featured_media":1241,"comment_status":"closed","ping_status":"closed","sticky":false,"template":"","format":"standard","meta":[],"categories":[26,4],"tags":[],"_links":{"self":[{"href":"http:\/\/konsulat-austrii-wroclaw.pl\/index.php?rest_route=\/wp\/v2\/posts\/1240"}],"collection":[{"href":"http:\/\/konsulat-austrii-wroclaw.pl\/index.php?rest_route=\/wp\/v2\/posts"}],"about":[{"href":"http:\/\/konsulat-austrii-wroclaw.pl\/index.php?rest_route=\/wp\/v2\/types\/post"}],"author":[{"embeddable":true,"href":"http:\/\/konsulat-austrii-wroclaw.pl\/index.php?rest_route=\/wp\/v2\/users\/3"}],"replies":[{"embeddable":true,"href":"http:\/\/konsulat-austrii-wroclaw.pl\/index.php?rest_route=%2Fwp%2Fv2%2Fcomments&post=1240"}],"version-history":[{"count":0,"href":"http:\/\/konsulat-austrii-wroclaw.pl\/index.php?rest_route=\/wp\/v2\/posts\/1240\/revisions"}],"wp:featuredmedia":[{"embeddable":true,"href":"http:\/\/konsulat-austrii-wroclaw.pl\/index.php?rest_route=\/wp\/v2\/media\/1241"}],"wp:attachment":[{"href":"http:\/\/konsulat-austrii-wroclaw.pl\/index.php?rest_route=%2Fwp%2Fv2%2Fmedia&parent=1240"}],"wp:term":[{"taxonomy":"category","embeddable":true,"href":"http:\/\/konsulat-austrii-wroclaw.pl\/index.php?rest_route=%2Fwp%2Fv2%2Fcategories&post=1240"},{"taxonomy":"post_tag","embeddable":true,"href":"http:\/\/konsulat-austrii-wroclaw.pl\/index.php?rest_route=%2Fwp%2Fv2%2Ftags&post=1240"}],"curies":[{"name":"wp","href":"https:\/\/api.w.org\/{rel}","templated":true}]}}