{"id":1259,"date":"2019-03-15T11:18:49","date_gmt":"2019-03-15T10:18:49","guid":{"rendered":"http:\/\/konsulat-austrii-wroclaw.pl\/?p=1259"},"modified":"2019-03-15T11:41:34","modified_gmt":"2019-03-15T10:41:34","slug":"spotkania-z-dyplomacja","status":"publish","type":"post","link":"http:\/\/konsulat-austrii-wroclaw.pl\/?p=1259","title":{"rendered":"Spotkania z dyplomacj\u0105"},"content":{"rendered":"<p>Regionalny O\u015brodek Debaty Mi\u0119dzynarodowej w Opolu w dniu 13 marca 2019 r. zorganizowa\u0142 wyk\u0142ad w ramach cyklu &#8222;Spotkania z dyplomacj\u0105&#8221;.<!--more-->Na pierwsze spotkanie w ramach cyklu zosta\u0142 zaproszony Konsul Honorowy Austrii we Wroc\u0142awiu, dr Edward W\u0105siewicz, kt\u00f3ry pod opiek\u0105 ma r\u00f3wnie\u017c obszar konsularny wojew\u00f3dztwa opolskiego.<\/p>\n<p>Spotkanie z mieszka\u0144cami Opola i Opolszczyzny mia\u0142o miejsce w Miejskiej Bibliotece Publicznej. G\u0142\u00f3wnymi tematami spotkania by\u0142y: innowacyjno\u015b\u0107 i rozw\u00f3j technologiczny Austrii, kwestie obywatelstwa, pracy i leczenia, a tak\u017ce wsp\u00f3\u0142praca region\u00f3w partnerskich &#8211; Opolszczyzny i Styrii.<\/p>\n<p>Cykl &#8222;Spotkania z dyplomacj\u0105&#8221; ma m.in. na celu promocj\u0119 dyplomacji samorz\u0105dowej i obywatelskiej.<\/p>\n<p><a href=\"http:\/\/konsulat-austrii-wroclaw.pl\/wp-content\/uploads\/2019\/03\/5.jpg\"><img decoding=\"async\" loading=\"lazy\" class=\"alignleft size-full wp-image-1260\" src=\"http:\/\/konsulat-austrii-wroclaw.pl\/wp-content\/uploads\/2019\/03\/5.jpg\" alt=\"5\" width=\"1152\" height=\"768\" srcset=\"http:\/\/konsulat-austrii-wroclaw.pl\/wp-content\/uploads\/2019\/03\/5.jpg 1152w, http:\/\/konsulat-austrii-wroclaw.pl\/wp-content\/uploads\/2019\/03\/5-300x200.jpg 300w, http:\/\/konsulat-austrii-wroclaw.pl\/wp-content\/uploads\/2019\/03\/5-1024x683.jpg 1024w\" sizes=\"(max-width: 1152px) 100vw, 1152px\" \/><\/a> <a href=\"http:\/\/konsulat-austrii-wroclaw.pl\/wp-content\/uploads\/2019\/03\/8.jpg\"><img decoding=\"async\" loading=\"lazy\" class=\"alignleft size-full wp-image-1261\" src=\"http:\/\/konsulat-austrii-wroclaw.pl\/wp-content\/uploads\/2019\/03\/8.jpg\" alt=\"8\" width=\"1152\" height=\"768\" srcset=\"http:\/\/konsulat-austrii-wroclaw.pl\/wp-content\/uploads\/2019\/03\/8.jpg 1152w, http:\/\/konsulat-austrii-wroclaw.pl\/wp-content\/uploads\/2019\/03\/8-300x200.jpg 300w, http:\/\/konsulat-austrii-wroclaw.pl\/wp-content\/uploads\/2019\/03\/8-1024x683.jpg 1024w\" sizes=\"(max-width: 1152px) 100vw, 1152px\" \/><\/a> <a href=\"http:\/\/konsulat-austrii-wroclaw.pl\/wp-content\/uploads\/2019\/03\/9.jpg\"><img decoding=\"async\" loading=\"lazy\" class=\"alignleft size-full wp-image-1262\" src=\"http:\/\/konsulat-austrii-wroclaw.pl\/wp-content\/uploads\/2019\/03\/9.jpg\" alt=\"9\" width=\"1152\" height=\"768\" srcset=\"http:\/\/konsulat-austrii-wroclaw.pl\/wp-content\/uploads\/2019\/03\/9.jpg 1152w, http:\/\/konsulat-austrii-wroclaw.pl\/wp-content\/uploads\/2019\/03\/9-300x200.jpg 300w, http:\/\/konsulat-austrii-wroclaw.pl\/wp-content\/uploads\/2019\/03\/9-1024x683.jpg 1024w\" sizes=\"(max-width: 1152px) 100vw, 1152px\" \/><\/a><\/p>\n","protected":false},"excerpt":{"rendered":"<p>Regionalny O\u015brodek Debaty Mi\u0119dzynarodowej w Opolu w dniu 13 marca 2019 r. zorganizowa\u0142 wyk\u0142ad w ramach cyklu &#8222;Spotkania z dyplomacj\u0105&#8221;.<\/p>\n","protected":false},"author":3,"featured_media":1263,"comment_status":"closed","ping_status":"closed","sticky":false,"template":"","format":"standard","meta":[],"categories":[4],"tags":[],"_links":{"self":[{"href":"http:\/\/konsulat-austrii-wroclaw.pl\/index.php?rest_route=\/wp\/v2\/posts\/1259"}],"collection":[{"href":"http:\/\/konsulat-austrii-wroclaw.pl\/index.php?rest_route=\/wp\/v2\/posts"}],"about":[{"href":"http:\/\/konsulat-austrii-wroclaw.pl\/index.php?rest_route=\/wp\/v2\/types\/post"}],"author":[{"embeddable":true,"href":"http:\/\/konsulat-austrii-wroclaw.pl\/index.php?rest_route=\/wp\/v2\/users\/3"}],"replies":[{"embeddable":true,"href":"http:\/\/konsulat-austrii-wroclaw.pl\/index.php?rest_route=%2Fwp%2Fv2%2Fcomments&post=1259"}],"version-history":[{"count":0,"href":"http:\/\/konsulat-austrii-wroclaw.pl\/index.php?rest_route=\/wp\/v2\/posts\/1259\/revisions"}],"wp:featuredmedia":[{"embeddable":true,"href":"http:\/\/konsulat-austrii-wroclaw.pl\/index.php?rest_route=\/wp\/v2\/media\/1263"}],"wp:attachment":[{"href":"http:\/\/konsulat-austrii-wroclaw.pl\/index.php?rest_route=%2Fwp%2Fv2%2Fmedia&parent=1259"}],"wp:term":[{"taxonomy":"category","embeddable":true,"href":"http:\/\/konsulat-austrii-wroclaw.pl\/index.php?rest_route=%2Fwp%2Fv2%2Fcategories&post=1259"},{"taxonomy":"post_tag","embeddable":true,"href":"http:\/\/konsulat-austrii-wroclaw.pl\/index.php?rest_route=%2Fwp%2Fv2%2Ftags&post=1259"}],"curies":[{"name":"wp","href":"https:\/\/api.w.org\/{rel}","templated":true}]}}