{"id":1353,"date":"2019-12-10T13:25:49","date_gmt":"2019-12-10T12:25:49","guid":{"rendered":"http:\/\/konsulat-austrii-wroclaw.pl\/?p=1353"},"modified":"2019-12-11T13:08:23","modified_gmt":"2019-12-11T12:08:23","slug":"viii-miedzynarodowy-turniej-dyrygentury-choralnej-w-strone-polifonii","status":"publish","type":"post","link":"http:\/\/konsulat-austrii-wroclaw.pl\/?p=1353","title":{"rendered":"VIII Mi\u0119dzynarodowy Turniej Dyrygentury Ch\u00f3ralnej W STRON\u0118 POLIFONII"},"content":{"rendered":"<p><a href=\"http:\/\/konsulat-austrii-wroclaw.pl\/wp-content\/uploads\/2019\/12\/Turniej.Plakat.jpg.jpg\"><img decoding=\"async\" loading=\"lazy\" class=\"alignleft size-full wp-image-1356\" src=\"http:\/\/konsulat-austrii-wroclaw.pl\/wp-content\/uploads\/2019\/12\/Turniej.Plakat.jpg.jpg\" alt=\"Turniej.Plakat.jpg\" width=\"768\" height=\"1077\" srcset=\"http:\/\/konsulat-austrii-wroclaw.pl\/wp-content\/uploads\/2019\/12\/Turniej.Plakat.jpg.jpg 768w, http:\/\/konsulat-austrii-wroclaw.pl\/wp-content\/uploads\/2019\/12\/Turniej.Plakat.jpg-214x300.jpg 214w, http:\/\/konsulat-austrii-wroclaw.pl\/wp-content\/uploads\/2019\/12\/Turniej.Plakat.jpg-730x1024.jpg 730w\" sizes=\"(max-width: 768px) 100vw, 768px\" \/><\/a><\/p>\n","protected":false},"excerpt":{"rendered":"","protected":false},"author":3,"featured_media":1355,"comment_status":"closed","ping_status":"closed","sticky":false,"template":"","format":"standard","meta":[],"categories":[26,4],"tags":[],"_links":{"self":[{"href":"http:\/\/konsulat-austrii-wroclaw.pl\/index.php?rest_route=\/wp\/v2\/posts\/1353"}],"collection":[{"href":"http:\/\/konsulat-austrii-wroclaw.pl\/index.php?rest_route=\/wp\/v2\/posts"}],"about":[{"href":"http:\/\/konsulat-austrii-wroclaw.pl\/index.php?rest_route=\/wp\/v2\/types\/post"}],"author":[{"embeddable":true,"href":"http:\/\/konsulat-austrii-wroclaw.pl\/index.php?rest_route=\/wp\/v2\/users\/3"}],"replies":[{"embeddable":true,"href":"http:\/\/konsulat-austrii-wroclaw.pl\/index.php?rest_route=%2Fwp%2Fv2%2Fcomments&post=1353"}],"version-history":[{"count":0,"href":"http:\/\/konsulat-austrii-wroclaw.pl\/index.php?rest_route=\/wp\/v2\/posts\/1353\/revisions"}],"wp:featuredmedia":[{"embeddable":true,"href":"http:\/\/konsulat-austrii-wroclaw.pl\/index.php?rest_route=\/wp\/v2\/media\/1355"}],"wp:attachment":[{"href":"http:\/\/konsulat-austrii-wroclaw.pl\/index.php?rest_route=%2Fwp%2Fv2%2Fmedia&parent=1353"}],"wp:term":[{"taxonomy":"category","embeddable":true,"href":"http:\/\/konsulat-austrii-wroclaw.pl\/index.php?rest_route=%2Fwp%2Fv2%2Fcategories&post=1353"},{"taxonomy":"post_tag","embeddable":true,"href":"http:\/\/konsulat-austrii-wroclaw.pl\/index.php?rest_route=%2Fwp%2Fv2%2Ftags&post=1353"}],"curies":[{"name":"wp","href":"https:\/\/api.w.org\/{rel}","templated":true}]}}