{"id":1405,"date":"2020-12-30T12:39:28","date_gmt":"2020-12-30T11:39:28","guid":{"rendered":"http:\/\/konsulat-austrii-wroclaw.pl\/?p=1405"},"modified":"2020-12-30T12:39:39","modified_gmt":"2020-12-30T11:39:39","slug":"konsul-wsrod-czlonkow-rady-uczelni-akademii-muzycznej","status":"publish","type":"post","link":"http:\/\/konsulat-austrii-wroclaw.pl\/?p=1405","title":{"rendered":"Konsul w\u015br\u00f3d cz\u0142onk\u00f3w Rady Uczelni Akademii Muzycznej"},"content":{"rendered":"<p><a href=\"http:\/\/konsulat-austrii-wroclaw.pl\/wp-content\/uploads\/2020\/12\/jpg663.jpg\"><img decoding=\"async\" loading=\"lazy\" class=\"alignleft size-full wp-image-1406\" src=\"http:\/\/konsulat-austrii-wroclaw.pl\/wp-content\/uploads\/2020\/12\/jpg663.jpg\" alt=\"jpg663\" width=\"2481\" height=\"3509\" srcset=\"http:\/\/konsulat-austrii-wroclaw.pl\/wp-content\/uploads\/2020\/12\/jpg663.jpg 2481w, http:\/\/konsulat-austrii-wroclaw.pl\/wp-content\/uploads\/2020\/12\/jpg663-212x300.jpg 212w, http:\/\/konsulat-austrii-wroclaw.pl\/wp-content\/uploads\/2020\/12\/jpg663-724x1024.jpg 724w\" sizes=\"(max-width: 2481px) 100vw, 2481px\" \/><\/a><\/p>\n","protected":false},"excerpt":{"rendered":"","protected":false},"author":3,"featured_media":1355,"comment_status":"closed","ping_status":"closed","sticky":false,"template":"","format":"standard","meta":[],"categories":[4],"tags":[],"_links":{"self":[{"href":"http:\/\/konsulat-austrii-wroclaw.pl\/index.php?rest_route=\/wp\/v2\/posts\/1405"}],"collection":[{"href":"http:\/\/konsulat-austrii-wroclaw.pl\/index.php?rest_route=\/wp\/v2\/posts"}],"about":[{"href":"http:\/\/konsulat-austrii-wroclaw.pl\/index.php?rest_route=\/wp\/v2\/types\/post"}],"author":[{"embeddable":true,"href":"http:\/\/konsulat-austrii-wroclaw.pl\/index.php?rest_route=\/wp\/v2\/users\/3"}],"replies":[{"embeddable":true,"href":"http:\/\/konsulat-austrii-wroclaw.pl\/index.php?rest_route=%2Fwp%2Fv2%2Fcomments&post=1405"}],"version-history":[{"count":0,"href":"http:\/\/konsulat-austrii-wroclaw.pl\/index.php?rest_route=\/wp\/v2\/posts\/1405\/revisions"}],"wp:featuredmedia":[{"embeddable":true,"href":"http:\/\/konsulat-austrii-wroclaw.pl\/index.php?rest_route=\/wp\/v2\/media\/1355"}],"wp:attachment":[{"href":"http:\/\/konsulat-austrii-wroclaw.pl\/index.php?rest_route=%2Fwp%2Fv2%2Fmedia&parent=1405"}],"wp:term":[{"taxonomy":"category","embeddable":true,"href":"http:\/\/konsulat-austrii-wroclaw.pl\/index.php?rest_route=%2Fwp%2Fv2%2Fcategories&post=1405"},{"taxonomy":"post_tag","embeddable":true,"href":"http:\/\/konsulat-austrii-wroclaw.pl\/index.php?rest_route=%2Fwp%2Fv2%2Ftags&post=1405"}],"curies":[{"name":"wp","href":"https:\/\/api.w.org\/{rel}","templated":true}]}}