{"id":1416,"date":"2021-03-12T13:04:16","date_gmt":"2021-03-12T12:04:16","guid":{"rendered":"http:\/\/konsulat-austrii-wroclaw.pl\/?p=1416"},"modified":"2021-03-12T13:04:16","modified_gmt":"2021-03-12T12:04:16","slug":"spotkanie-z-przedstawicielami-wroclawskich-uczelni-artystycznych","status":"publish","type":"post","link":"http:\/\/konsulat-austrii-wroclaw.pl\/?p=1416","title":{"rendered":"Spotkanie z przedstawicielami wroc\u0142awskich uczelni artystycznych"},"content":{"rendered":"<p>Pan Konsul z racji pe\u0142nionej funkcji cz\u0142onka Rady Uczelni Akademii Muzycznej wzi\u0105\u0142 udzia\u0142<!--more-->w spotkaniu Rektor\u00f3w wroc\u0142awskich uczelni artystycznych: Akademii Muzycznej im. Karola Lipi\u0144skiego we Wroc\u0142awiu oraz Akademii Sztuk Pi\u0119knych im. Eugeniusza Gepperta we Wroc\u0142awiu z Wiceministrem Edukacji i Nauki Wojciechem Murdzkiem Rozmowy dotyczy\u0142y m.in. funkcjonowania uczelni artystycznych w okresie pandemii oraz planowanych szczepie\u0144.<\/p>\n<p><a href=\"http:\/\/konsulat-austrii-wroclaw.pl\/wp-content\/uploads\/2021\/03\/Spotkanie-na-AMuz.png\"><img decoding=\"async\" loading=\"lazy\" class=\"alignleft size-full wp-image-1417\" src=\"http:\/\/konsulat-austrii-wroclaw.pl\/wp-content\/uploads\/2021\/03\/Spotkanie-na-AMuz.png\" alt=\"Spotkanie na AMuz\" width=\"600\" height=\"501\" srcset=\"http:\/\/konsulat-austrii-wroclaw.pl\/wp-content\/uploads\/2021\/03\/Spotkanie-na-AMuz.png 600w, http:\/\/konsulat-austrii-wroclaw.pl\/wp-content\/uploads\/2021\/03\/Spotkanie-na-AMuz-300x251.png 300w\" sizes=\"(max-width: 600px) 100vw, 600px\" \/><\/a><\/p>\n","protected":false},"excerpt":{"rendered":"<p>Pan Konsul z racji pe\u0142nionej funkcji cz\u0142onka Rady Uczelni Akademii Muzycznej wzi\u0105\u0142 udzia\u0142<\/p>\n","protected":false},"author":3,"featured_media":1355,"comment_status":"closed","ping_status":"closed","sticky":false,"template":"","format":"standard","meta":[],"categories":[4],"tags":[],"_links":{"self":[{"href":"http:\/\/konsulat-austrii-wroclaw.pl\/index.php?rest_route=\/wp\/v2\/posts\/1416"}],"collection":[{"href":"http:\/\/konsulat-austrii-wroclaw.pl\/index.php?rest_route=\/wp\/v2\/posts"}],"about":[{"href":"http:\/\/konsulat-austrii-wroclaw.pl\/index.php?rest_route=\/wp\/v2\/types\/post"}],"author":[{"embeddable":true,"href":"http:\/\/konsulat-austrii-wroclaw.pl\/index.php?rest_route=\/wp\/v2\/users\/3"}],"replies":[{"embeddable":true,"href":"http:\/\/konsulat-austrii-wroclaw.pl\/index.php?rest_route=%2Fwp%2Fv2%2Fcomments&post=1416"}],"version-history":[{"count":0,"href":"http:\/\/konsulat-austrii-wroclaw.pl\/index.php?rest_route=\/wp\/v2\/posts\/1416\/revisions"}],"wp:featuredmedia":[{"embeddable":true,"href":"http:\/\/konsulat-austrii-wroclaw.pl\/index.php?rest_route=\/wp\/v2\/media\/1355"}],"wp:attachment":[{"href":"http:\/\/konsulat-austrii-wroclaw.pl\/index.php?rest_route=%2Fwp%2Fv2%2Fmedia&parent=1416"}],"wp:term":[{"taxonomy":"category","embeddable":true,"href":"http:\/\/konsulat-austrii-wroclaw.pl\/index.php?rest_route=%2Fwp%2Fv2%2Fcategories&post=1416"},{"taxonomy":"post_tag","embeddable":true,"href":"http:\/\/konsulat-austrii-wroclaw.pl\/index.php?rest_route=%2Fwp%2Fv2%2Ftags&post=1416"}],"curies":[{"name":"wp","href":"https:\/\/api.w.org\/{rel}","templated":true}]}}