{"id":1466,"date":"2021-09-08T13:19:56","date_gmt":"2021-09-08T11:19:56","guid":{"rendered":"http:\/\/konsulat-austrii-wroclaw.pl\/?p=1466"},"modified":"2021-09-08T13:20:11","modified_gmt":"2021-09-08T11:20:11","slug":"wizyta-u-wojewody-opolskiego","status":"publish","type":"post","link":"http:\/\/konsulat-austrii-wroclaw.pl\/?p=1466","title":{"rendered":"Wizyta u Wojewody Opolskiego"},"content":{"rendered":"<p>W poniedzia\u0142ek 6 wrze\u015bnia pan Konsul Honorowy Austrii we Wroc\u0142awiu, dr Edward W\u0105siewicz zosta\u0142 przyj\u0119ty w Urz\u0119dzie Wojew\u00f3dzkim w Opolu przez Wojewod\u0119 Opolskiego, pana S\u0142awomira K\u0142osowskiego.<!--more--><\/p>\n<p>Konsul mia\u0142 tym samym mo\u017cliwo\u015b\u0107 przedstawienia si\u0119 nowemu wojewodzie, jako przedstawiciel Austrii na obszarze Opolszczyzny oraz om\u00f3wienia potencjalnych\u00a0obszar\u00f3w wsp\u00f3\u0142pracy.<br \/>\n<img decoding=\"async\" loading=\"lazy\" class=\"alignleft size-full wp-image-1467\" src=\"http:\/\/konsulat-austrii-wroclaw.pl\/wp-content\/uploads\/2021\/09\/IMG_20210906_113911.jpg\" alt=\"IMG_20210906_113911\" width=\"630\" height=\"1366\" srcset=\"http:\/\/konsulat-austrii-wroclaw.pl\/wp-content\/uploads\/2021\/09\/IMG_20210906_113911.jpg 630w, http:\/\/konsulat-austrii-wroclaw.pl\/wp-content\/uploads\/2021\/09\/IMG_20210906_113911-138x300.jpg 138w, http:\/\/konsulat-austrii-wroclaw.pl\/wp-content\/uploads\/2021\/09\/IMG_20210906_113911-472x1024.jpg 472w\" sizes=\"(max-width: 630px) 100vw, 630px\" \/><\/p>\n","protected":false},"excerpt":{"rendered":"<p>W poniedzia\u0142ek 6 wrze\u015bnia pan Konsul Honorowy Austrii we Wroc\u0142awiu, dr Edward W\u0105siewicz zosta\u0142 przyj\u0119ty w Urz\u0119dzie Wojew\u00f3dzkim w Opolu przez Wojewod\u0119 Opolskiego, pana S\u0142awomira K\u0142osowskiego.<\/p>\n","protected":false},"author":3,"featured_media":1468,"comment_status":"closed","ping_status":"closed","sticky":false,"template":"","format":"standard","meta":[],"categories":[4],"tags":[],"_links":{"self":[{"href":"http:\/\/konsulat-austrii-wroclaw.pl\/index.php?rest_route=\/wp\/v2\/posts\/1466"}],"collection":[{"href":"http:\/\/konsulat-austrii-wroclaw.pl\/index.php?rest_route=\/wp\/v2\/posts"}],"about":[{"href":"http:\/\/konsulat-austrii-wroclaw.pl\/index.php?rest_route=\/wp\/v2\/types\/post"}],"author":[{"embeddable":true,"href":"http:\/\/konsulat-austrii-wroclaw.pl\/index.php?rest_route=\/wp\/v2\/users\/3"}],"replies":[{"embeddable":true,"href":"http:\/\/konsulat-austrii-wroclaw.pl\/index.php?rest_route=%2Fwp%2Fv2%2Fcomments&post=1466"}],"version-history":[{"count":0,"href":"http:\/\/konsulat-austrii-wroclaw.pl\/index.php?rest_route=\/wp\/v2\/posts\/1466\/revisions"}],"wp:featuredmedia":[{"embeddable":true,"href":"http:\/\/konsulat-austrii-wroclaw.pl\/index.php?rest_route=\/wp\/v2\/media\/1468"}],"wp:attachment":[{"href":"http:\/\/konsulat-austrii-wroclaw.pl\/index.php?rest_route=%2Fwp%2Fv2%2Fmedia&parent=1466"}],"wp:term":[{"taxonomy":"category","embeddable":true,"href":"http:\/\/konsulat-austrii-wroclaw.pl\/index.php?rest_route=%2Fwp%2Fv2%2Fcategories&post=1466"},{"taxonomy":"post_tag","embeddable":true,"href":"http:\/\/konsulat-austrii-wroclaw.pl\/index.php?rest_route=%2Fwp%2Fv2%2Ftags&post=1466"}],"curies":[{"name":"wp","href":"https:\/\/api.w.org\/{rel}","templated":true}]}}