{"id":1509,"date":"2022-04-26T13:33:12","date_gmt":"2022-04-26T11:33:12","guid":{"rendered":"http:\/\/konsulat-austrii-wroclaw.pl\/?p=1509"},"modified":"2022-04-26T13:35:43","modified_gmt":"2022-04-26T11:35:43","slug":"austria-kraj-i-mieszkancy-ogolnopolski-konkurs-wiedzy-o-austrii","status":"publish","type":"post","link":"http:\/\/konsulat-austrii-wroclaw.pl\/?p=1509","title":{"rendered":"&#8222;Austria &#8211; kraj i mieszka\u0144cy&#8221; &#8211; XXIV og\u00f3lnopolski konkurs wiedzy o Austrii \/ Finale des XXIV Wettbewerbs &#8222;\u00d6sterreich &#8211; Land und Einwohner&#8221;"},"content":{"rendered":"<p>Fina\u0142 XXIV og\u00f3lnopolskiego konkursu &#8222;Austria &#8211; kraj i mieszka\u0144cy&#8221; rozstrzygni\u0119ty.<\/p>\n<p><!--more--><\/p>\n<div class=\"row\"> <div class=\"col-md-6\">\n<p><strong>[PL]<\/strong><\/p>\n<p>Dnia 21 kwietnia w Wojew\u00f3dzkiej Bibliotece Publicznej w Opolu odby\u0142 si\u0119 fina\u0142 XXIV og\u00f3lnopolskiego konkursu wiedzy &#8222;Austria &#8211; kraj i mieszka\u0144cy&#8221; pod patronatem Konsula Honorowego Austrii dra Edwarda W\u0105siewicza. Laureatom gratulujemy i \u017cyczymy dalszych sukces\u00f3w!<\/p>\n<\/div><div class=\"col-md-6\">\n<p><strong>[DE]<\/strong><\/p>\n<p>Am 21 April fand in der Woiwodschaftsbibliothek in Oppeln das Finale des XXIV Wettbewerbs &#8222;\u00d6sterreich &#8211; Land und Einwohner&#8221; statt. Der Honorarkonsul Dr. Edward W\u0105siewicz hatte das Patronat \u00fcber den Wettbewerb. Wir gratulieren allen Gewinnern und w\u00fcnschen weiterhin viel Erfolg!<\/p>\n<\/div><\/div>\n","protected":false},"excerpt":{"rendered":"<p>Fina\u0142 XXIV og\u00f3lnopolskiego konkursu &#8222;Austria &#8211; kraj i mieszka\u0144cy&#8221; rozstrzygni\u0119ty.<\/p>\n","protected":false},"author":3,"featured_media":1508,"comment_status":"closed","ping_status":"closed","sticky":false,"template":"","format":"standard","meta":[],"categories":[26,4],"tags":[],"_links":{"self":[{"href":"http:\/\/konsulat-austrii-wroclaw.pl\/index.php?rest_route=\/wp\/v2\/posts\/1509"}],"collection":[{"href":"http:\/\/konsulat-austrii-wroclaw.pl\/index.php?rest_route=\/wp\/v2\/posts"}],"about":[{"href":"http:\/\/konsulat-austrii-wroclaw.pl\/index.php?rest_route=\/wp\/v2\/types\/post"}],"author":[{"embeddable":true,"href":"http:\/\/konsulat-austrii-wroclaw.pl\/index.php?rest_route=\/wp\/v2\/users\/3"}],"replies":[{"embeddable":true,"href":"http:\/\/konsulat-austrii-wroclaw.pl\/index.php?rest_route=%2Fwp%2Fv2%2Fcomments&post=1509"}],"version-history":[{"count":0,"href":"http:\/\/konsulat-austrii-wroclaw.pl\/index.php?rest_route=\/wp\/v2\/posts\/1509\/revisions"}],"wp:featuredmedia":[{"embeddable":true,"href":"http:\/\/konsulat-austrii-wroclaw.pl\/index.php?rest_route=\/wp\/v2\/media\/1508"}],"wp:attachment":[{"href":"http:\/\/konsulat-austrii-wroclaw.pl\/index.php?rest_route=%2Fwp%2Fv2%2Fmedia&parent=1509"}],"wp:term":[{"taxonomy":"category","embeddable":true,"href":"http:\/\/konsulat-austrii-wroclaw.pl\/index.php?rest_route=%2Fwp%2Fv2%2Fcategories&post=1509"},{"taxonomy":"post_tag","embeddable":true,"href":"http:\/\/konsulat-austrii-wroclaw.pl\/index.php?rest_route=%2Fwp%2Fv2%2Ftags&post=1509"}],"curies":[{"name":"wp","href":"https:\/\/api.w.org\/{rel}","templated":true}]}}