{"id":1562,"date":"2022-12-27T12:45:52","date_gmt":"2022-12-27T11:45:52","guid":{"rendered":"http:\/\/konsulat-austrii-wroclaw.pl\/?p=1562"},"modified":"2022-12-27T12:51:38","modified_gmt":"2022-12-27T11:51:38","slug":"wigilia-w-dolnoslaskim-klubie-kapitalu","status":"publish","type":"post","link":"http:\/\/konsulat-austrii-wroclaw.pl\/?p=1562","title":{"rendered":"Wigilia w Dolno\u015bl\u0105skim Klubie Kapita\u0142u"},"content":{"rendered":"<p>&nbsp;<\/p>\n<p>&nbsp;<\/p>\n<p><img decoding=\"async\" loading=\"lazy\" class=\"alignleft wp-image-1563\" src=\"http:\/\/konsulat-austrii-wroclaw.pl\/wp-content\/uploads\/2022\/12\/wigilia-DKK-300x143.jpg\" alt=\"\" width=\"357\" height=\"170\" srcset=\"http:\/\/konsulat-austrii-wroclaw.pl\/wp-content\/uploads\/2022\/12\/wigilia-DKK-300x143.jpg 300w, http:\/\/konsulat-austrii-wroclaw.pl\/wp-content\/uploads\/2022\/12\/wigilia-DKK-768x366.jpg 768w, http:\/\/konsulat-austrii-wroclaw.pl\/wp-content\/uploads\/2022\/12\/wigilia-DKK-846x400.jpg 846w, http:\/\/konsulat-austrii-wroclaw.pl\/wp-content\/uploads\/2022\/12\/wigilia-DKK.jpg 1025w\" sizes=\"(max-width: 357px) 100vw, 357px\" \/><\/p>\n<p>&nbsp;<\/p>\n<p>&nbsp;<\/p>\n<p>&nbsp;<\/p>\n<p>&nbsp;<\/p>\n<p>&nbsp;<\/p>\n<p>&nbsp;<\/p>\n[PL]\n<p><span id=\"[0,2]\" class=\"word\">Na<\/span> <span id=\"[3,14]\" class=\"word\">zaproszenie<\/span> <span id=\"[15,22]\" class=\"word\">Prezesa<\/span> <span id=\"[23,37]\" class=\"word\">Dolno\u015bl\u0105skiego<\/span> <span id=\"[38,43]\" class=\"word\">Klubu<\/span> <span id=\"[55,67]\" class=\"word\">Kapita\u0142u<\/span>\u00a0<span id=\"[68,75]\" class=\"word\">Janusza<\/span> <span id=\"[76,82]\" class=\"word\">Rybaka<\/span>, <span id=\"[84,85]\" class=\"word\">w<\/span> <span id=\"[86,95]\" class=\"word\">corocznej<\/span> <span id=\"[96,106]\" class=\"word\">uroczystej<\/span> <span id=\"[107,114]\" class=\"word\">Wigilii<\/span> <span id=\"[115,120]\" class=\"word\">wzi\u0105\u0142<\/span> <span id=\"[121,127]\" class=\"word\">udzia\u0142<\/span> <span id=\"[128,134]\" class=\"word\">Konsul<\/span> <span id=\"[135,143]\" class=\"word\">Honorowy<\/span> <span id=\"[144,146]\" class=\"word\">dr<\/span> <span id=\"[147,153]\" class=\"word\">Edward<\/span> <span id=\"[154,163]\" class=\"word\">W\u0105siewicz<\/span>.<\/p>\n[De]\n<p>Auf Einladung des Pr\u00e4sidenten des niederschlesischen Klubs der Kapital Anleger Janusz Rybak nahm der Honorarkonsul Dr. Edward W\u0105siewicz an der j\u00e4hrlichen feierlichen Heiligabendversammlung teil.<\/p>\n","protected":false},"excerpt":{"rendered":"<p>&nbsp; &nbsp; &nbsp; &nbsp; &nbsp; &nbsp; &nbsp; &nbsp; [PL] Na zaproszenie Prezesa Dolno\u015bl\u0105skiego Klubu Kapita\u0142u\u00a0Janusza Rybaka, w corocznej uroczystej Wigilii wzi\u0105\u0142 udzia\u0142 Konsul Honorowy dr Edward W\u0105siewicz. [De] Auf Einladung des Pr\u00e4sidenten des niederschlesischen Klubs der Kapital Anleger Janusz Rybak &hellip; <a href=\"http:\/\/konsulat-austrii-wroclaw.pl\/?p=1562\">Continued<\/a><\/p>\n","protected":false},"author":3,"featured_media":1563,"comment_status":"closed","ping_status":"closed","sticky":false,"template":"","format":"standard","meta":[],"categories":[1,4],"tags":[],"_links":{"self":[{"href":"http:\/\/konsulat-austrii-wroclaw.pl\/index.php?rest_route=\/wp\/v2\/posts\/1562"}],"collection":[{"href":"http:\/\/konsulat-austrii-wroclaw.pl\/index.php?rest_route=\/wp\/v2\/posts"}],"about":[{"href":"http:\/\/konsulat-austrii-wroclaw.pl\/index.php?rest_route=\/wp\/v2\/types\/post"}],"author":[{"embeddable":true,"href":"http:\/\/konsulat-austrii-wroclaw.pl\/index.php?rest_route=\/wp\/v2\/users\/3"}],"replies":[{"embeddable":true,"href":"http:\/\/konsulat-austrii-wroclaw.pl\/index.php?rest_route=%2Fwp%2Fv2%2Fcomments&post=1562"}],"version-history":[{"count":0,"href":"http:\/\/konsulat-austrii-wroclaw.pl\/index.php?rest_route=\/wp\/v2\/posts\/1562\/revisions"}],"wp:featuredmedia":[{"embeddable":true,"href":"http:\/\/konsulat-austrii-wroclaw.pl\/index.php?rest_route=\/wp\/v2\/media\/1563"}],"wp:attachment":[{"href":"http:\/\/konsulat-austrii-wroclaw.pl\/index.php?rest_route=%2Fwp%2Fv2%2Fmedia&parent=1562"}],"wp:term":[{"taxonomy":"category","embeddable":true,"href":"http:\/\/konsulat-austrii-wroclaw.pl\/index.php?rest_route=%2Fwp%2Fv2%2Fcategories&post=1562"},{"taxonomy":"post_tag","embeddable":true,"href":"http:\/\/konsulat-austrii-wroclaw.pl\/index.php?rest_route=%2Fwp%2Fv2%2Ftags&post=1562"}],"curies":[{"name":"wp","href":"https:\/\/api.w.org\/{rel}","templated":true}]}}