{"id":1571,"date":"2022-12-27T13:11:03","date_gmt":"2022-12-27T12:11:03","guid":{"rendered":"http:\/\/konsulat-austrii-wroclaw.pl\/?p=1571"},"modified":"2022-12-27T13:11:03","modified_gmt":"2022-12-27T12:11:03","slug":"ix-miedzynarodowy-konkurs-choralny","status":"publish","type":"post","link":"http:\/\/konsulat-austrii-wroclaw.pl\/?p=1571","title":{"rendered":"IX Mi\u0119dzynarodowy Konkurs Ch\u00f3ralny"},"content":{"rendered":"<p>&nbsp;<\/p>\n<p><img decoding=\"async\" loading=\"lazy\" class=\"alignleft size-medium wp-image-1572\" src=\"http:\/\/konsulat-austrii-wroclaw.pl\/wp-content\/uploads\/2022\/12\/konkurs-dzrzgentury032-212x300.jpg\" alt=\"\" width=\"212\" height=\"300\" srcset=\"http:\/\/konsulat-austrii-wroclaw.pl\/wp-content\/uploads\/2022\/12\/konkurs-dzrzgentury032-212x300.jpg 212w, http:\/\/konsulat-austrii-wroclaw.pl\/wp-content\/uploads\/2022\/12\/konkurs-dzrzgentury032-724x1024.jpg 724w, http:\/\/konsulat-austrii-wroclaw.pl\/wp-content\/uploads\/2022\/12\/konkurs-dzrzgentury032-768x1086.jpg 768w, http:\/\/konsulat-austrii-wroclaw.pl\/wp-content\/uploads\/2022\/12\/konkurs-dzrzgentury032-1086x1536.jpg 1086w, http:\/\/konsulat-austrii-wroclaw.pl\/wp-content\/uploads\/2022\/12\/konkurs-dzrzgentury032.jpg 1358w\" sizes=\"(max-width: 212px) 100vw, 212px\" \/><\/p>\n<p>&nbsp;<\/p>\n<p>&nbsp;<\/p>\n<p>&nbsp;<\/p>\n<p>&nbsp;<\/p>\n<p>&nbsp;<\/p>\n<p>&nbsp;<\/p>\n<p><img decoding=\"async\" loading=\"lazy\" class=\"alignleft size-medium wp-image-1573\" src=\"http:\/\/konsulat-austrii-wroclaw.pl\/wp-content\/uploads\/2022\/12\/konkurs-dzrzgenturz-300x200.jpg\" alt=\"\" width=\"300\" height=\"200\" srcset=\"http:\/\/konsulat-austrii-wroclaw.pl\/wp-content\/uploads\/2022\/12\/konkurs-dzrzgenturz-300x200.jpg 300w, http:\/\/konsulat-austrii-wroclaw.pl\/wp-content\/uploads\/2022\/12\/konkurs-dzrzgenturz-1024x683.jpg 1024w, http:\/\/konsulat-austrii-wroclaw.pl\/wp-content\/uploads\/2022\/12\/konkurs-dzrzgenturz-768x512.jpg 768w, http:\/\/konsulat-austrii-wroclaw.pl\/wp-content\/uploads\/2022\/12\/konkurs-dzrzgenturz-1536x1024.jpg 1536w, http:\/\/konsulat-austrii-wroclaw.pl\/wp-content\/uploads\/2022\/12\/konkurs-dzrzgenturz.jpg 1920w\" sizes=\"(max-width: 300px) 100vw, 300px\" \/><\/p>\n<p>&nbsp;<\/p>\n<p>&nbsp;<\/p>\n<p>&nbsp;<\/p>\n<p>&nbsp;<\/p>\n<p>&nbsp;<\/p>\n<p>&nbsp;<\/p>\n<p>&nbsp;<\/p>\n<p>&nbsp;<\/p>\n[DE]\n<p>Am 18 Dezember fand in der Musikakademie Breslau das 9th International Choir Conducting Competition statt. Der Honorarkonsul Dr. Edward W\u0105siewicz hatte das Patronat \u00fcber den Wettbewerb und spendete eine der Hauptpreise. Wir gratulieren allen Gewinnern und w\u00fcnschen viel Erfolg!<\/p>\n[PL]\n<p>18 grudnia w Akademii Muzycznej we Wroc\u0142awiu odby\u0142 si\u0119 IX Mi\u0119dzynarodowy Konkurs Ch\u00f3ralny. Patronat nad konkursem obj\u0105\u0142 Konsul Honorowy dr Edward W\u0105siewicz i wr\u0119czy\u0142 jedn\u0105 z g\u0142\u00f3wnych nagr\u00f3d. Wszystkim zwyci\u0119zcom gratulujemy i \u017cyczymy powodzenia!<\/p>\n","protected":false},"excerpt":{"rendered":"<p>&nbsp; &nbsp; &nbsp; &nbsp; &nbsp; &nbsp; &nbsp; &nbsp; &nbsp; &nbsp; &nbsp; &nbsp; &nbsp; &nbsp; &nbsp; [DE] Am 18 Dezember fand in der Musikakademie Breslau das 9th International Choir Conducting Competition statt. Der Honorarkonsul Dr. Edward W\u0105siewicz hatte das Patronat \u00fcber &hellip; <a href=\"http:\/\/konsulat-austrii-wroclaw.pl\/?p=1571\">Continued<\/a><\/p>\n","protected":false},"author":3,"featured_media":1572,"comment_status":"closed","ping_status":"closed","sticky":false,"template":"","format":"standard","meta":[],"categories":[4],"tags":[],"_links":{"self":[{"href":"http:\/\/konsulat-austrii-wroclaw.pl\/index.php?rest_route=\/wp\/v2\/posts\/1571"}],"collection":[{"href":"http:\/\/konsulat-austrii-wroclaw.pl\/index.php?rest_route=\/wp\/v2\/posts"}],"about":[{"href":"http:\/\/konsulat-austrii-wroclaw.pl\/index.php?rest_route=\/wp\/v2\/types\/post"}],"author":[{"embeddable":true,"href":"http:\/\/konsulat-austrii-wroclaw.pl\/index.php?rest_route=\/wp\/v2\/users\/3"}],"replies":[{"embeddable":true,"href":"http:\/\/konsulat-austrii-wroclaw.pl\/index.php?rest_route=%2Fwp%2Fv2%2Fcomments&post=1571"}],"version-history":[{"count":0,"href":"http:\/\/konsulat-austrii-wroclaw.pl\/index.php?rest_route=\/wp\/v2\/posts\/1571\/revisions"}],"wp:featuredmedia":[{"embeddable":true,"href":"http:\/\/konsulat-austrii-wroclaw.pl\/index.php?rest_route=\/wp\/v2\/media\/1572"}],"wp:attachment":[{"href":"http:\/\/konsulat-austrii-wroclaw.pl\/index.php?rest_route=%2Fwp%2Fv2%2Fmedia&parent=1571"}],"wp:term":[{"taxonomy":"category","embeddable":true,"href":"http:\/\/konsulat-austrii-wroclaw.pl\/index.php?rest_route=%2Fwp%2Fv2%2Fcategories&post=1571"},{"taxonomy":"post_tag","embeddable":true,"href":"http:\/\/konsulat-austrii-wroclaw.pl\/index.php?rest_route=%2Fwp%2Fv2%2Ftags&post=1571"}],"curies":[{"name":"wp","href":"https:\/\/api.w.org\/{rel}","templated":true}]}}