{"id":1574,"date":"2022-12-27T13:15:12","date_gmt":"2022-12-27T12:15:12","guid":{"rendered":"http:\/\/konsulat-austrii-wroclaw.pl\/?p=1574"},"modified":"2023-01-04T13:06:11","modified_gmt":"2023-01-04T12:06:11","slug":"wizyta-uczniow-lo-xvii-w-kosulacie","status":"publish","type":"post","link":"http:\/\/konsulat-austrii-wroclaw.pl\/?p=1574","title":{"rendered":"Wizyta uczni\u00f3w LO XVII w Konsulacie"},"content":{"rendered":"<p><img decoding=\"async\" loading=\"lazy\" class=\"alignleft size-medium wp-image-1575\" src=\"http:\/\/konsulat-austrii-wroclaw.pl\/wp-content\/uploads\/2022\/12\/wizyta-uczniow-300x225.jpg\" alt=\"\" width=\"300\" height=\"225\" srcset=\"http:\/\/konsulat-austrii-wroclaw.pl\/wp-content\/uploads\/2022\/12\/wizyta-uczniow-300x225.jpg 300w, http:\/\/konsulat-austrii-wroclaw.pl\/wp-content\/uploads\/2022\/12\/wizyta-uczniow-1024x768.jpg 1024w, http:\/\/konsulat-austrii-wroclaw.pl\/wp-content\/uploads\/2022\/12\/wizyta-uczniow-200x150.jpg 200w, http:\/\/konsulat-austrii-wroclaw.pl\/wp-content\/uploads\/2022\/12\/wizyta-uczniow-768x576.jpg 768w, http:\/\/konsulat-austrii-wroclaw.pl\/wp-content\/uploads\/2022\/12\/wizyta-uczniow-1536x1152.jpg 1536w, http:\/\/konsulat-austrii-wroclaw.pl\/wp-content\/uploads\/2022\/12\/wizyta-uczniow.jpg 1920w\" sizes=\"(max-width: 300px) 100vw, 300px\" \/> <img decoding=\"async\" loading=\"lazy\" class=\"alignleft size-medium wp-image-1576\" src=\"http:\/\/konsulat-austrii-wroclaw.pl\/wp-content\/uploads\/2022\/12\/wizyta-uczniow-2-300x225.jpg\" alt=\"\" width=\"300\" height=\"225\" srcset=\"http:\/\/konsulat-austrii-wroclaw.pl\/wp-content\/uploads\/2022\/12\/wizyta-uczniow-2-300x225.jpg 300w, http:\/\/konsulat-austrii-wroclaw.pl\/wp-content\/uploads\/2022\/12\/wizyta-uczniow-2-1024x768.jpg 1024w, http:\/\/konsulat-austrii-wroclaw.pl\/wp-content\/uploads\/2022\/12\/wizyta-uczniow-2-200x150.jpg 200w, http:\/\/konsulat-austrii-wroclaw.pl\/wp-content\/uploads\/2022\/12\/wizyta-uczniow-2-768x576.jpg 768w, http:\/\/konsulat-austrii-wroclaw.pl\/wp-content\/uploads\/2022\/12\/wizyta-uczniow-2-1536x1152.jpg 1536w, http:\/\/konsulat-austrii-wroclaw.pl\/wp-content\/uploads\/2022\/12\/wizyta-uczniow-2.jpg 1920w\" sizes=\"(max-width: 300px) 100vw, 300px\" \/><\/p>\n<p>&nbsp;<\/p>\n<p>&nbsp;<\/p>\n<p>&nbsp;<\/p>\n<p>&nbsp;<\/p>\n<p>&nbsp;<\/p>\n<p>&nbsp;<\/p>\n<p>&nbsp;<\/p>\n<p>&nbsp;<\/p>\n[DE]\n<p>Es war uns eine Freude am 20.Dezember Sch\u00fcler des Lyzeums Nr. 17 an der Hilfe beim Breslauer Pass-Tag beteiligte im Konsulat zu Gast zu haben.<\/p>\n[PL]\n<p>20 grudnia mieli\u015bmy przyjemno\u015b\u0107 go\u015bci\u0107 w Konsulacie uczni\u00f3w LO XVII zaanga\u017cowanych w pomoc przy Wroc\u0142awskim dniu paszportu.<\/p>\n","protected":false},"excerpt":{"rendered":"<p>&nbsp; &nbsp; &nbsp; &nbsp; &nbsp; &nbsp; &nbsp; &nbsp; [DE] Es war uns eine Freude am 20.Dezember Sch\u00fcler des Lyzeums Nr. 17 an der Hilfe beim Breslauer Pass-Tag beteiligte im Konsulat zu Gast zu haben. [PL] 20 grudnia mieli\u015bmy przyjemno\u015b\u0107 go\u015bci\u0107 &hellip; <a href=\"http:\/\/konsulat-austrii-wroclaw.pl\/?p=1574\">Continued<\/a><\/p>\n","protected":false},"author":3,"featured_media":1576,"comment_status":"closed","ping_status":"closed","sticky":false,"template":"","format":"standard","meta":[],"categories":[4],"tags":[],"_links":{"self":[{"href":"http:\/\/konsulat-austrii-wroclaw.pl\/index.php?rest_route=\/wp\/v2\/posts\/1574"}],"collection":[{"href":"http:\/\/konsulat-austrii-wroclaw.pl\/index.php?rest_route=\/wp\/v2\/posts"}],"about":[{"href":"http:\/\/konsulat-austrii-wroclaw.pl\/index.php?rest_route=\/wp\/v2\/types\/post"}],"author":[{"embeddable":true,"href":"http:\/\/konsulat-austrii-wroclaw.pl\/index.php?rest_route=\/wp\/v2\/users\/3"}],"replies":[{"embeddable":true,"href":"http:\/\/konsulat-austrii-wroclaw.pl\/index.php?rest_route=%2Fwp%2Fv2%2Fcomments&post=1574"}],"version-history":[{"count":0,"href":"http:\/\/konsulat-austrii-wroclaw.pl\/index.php?rest_route=\/wp\/v2\/posts\/1574\/revisions"}],"wp:featuredmedia":[{"embeddable":true,"href":"http:\/\/konsulat-austrii-wroclaw.pl\/index.php?rest_route=\/wp\/v2\/media\/1576"}],"wp:attachment":[{"href":"http:\/\/konsulat-austrii-wroclaw.pl\/index.php?rest_route=%2Fwp%2Fv2%2Fmedia&parent=1574"}],"wp:term":[{"taxonomy":"category","embeddable":true,"href":"http:\/\/konsulat-austrii-wroclaw.pl\/index.php?rest_route=%2Fwp%2Fv2%2Fcategories&post=1574"},{"taxonomy":"post_tag","embeddable":true,"href":"http:\/\/konsulat-austrii-wroclaw.pl\/index.php?rest_route=%2Fwp%2Fv2%2Ftags&post=1574"}],"curies":[{"name":"wp","href":"https:\/\/api.w.org\/{rel}","templated":true}]}}