{"id":1692,"date":"2023-09-14T13:26:19","date_gmt":"2023-09-14T11:26:19","guid":{"rendered":"http:\/\/konsulat-austrii-wroclaw.pl\/?p=1692"},"modified":"2023-09-15T13:37:26","modified_gmt":"2023-09-15T11:37:26","slug":"spotkanie-organizacyjne-spolecznego-komitetu-fundatorow-sztandaru","status":"publish","type":"post","link":"http:\/\/konsulat-austrii-wroclaw.pl\/?p=1692","title":{"rendered":"Spotkanie organizacyjne Spo\u0142ecznego Komitetu Fundator\u00f3w Sztandaru"},"content":{"rendered":"<div id=\"kad-wp-gallery74\" class=\"kad-wp-gallery kad-light-wp-gallery clearfix kt-gallery-column-3 rowtight\"><div class=\"tcol-lg-4 tcol-md-4 tcol-sm-4 tcol-xs-6 tcol-ss-12 g_item\"><div class=\"grid_item kad_gallery_fade_in gallery_item\"><a href=\"http:\/\/konsulat-austrii-wroclaw.pl\/wp-content\/uploads\/2023\/09\/Posiedzenie-komitetu-Honorowego-2023-1.jpg\" data-rel=\"lightbox\" class=\"lightboxhover\"><img src=\"http:\/\/konsulat-austrii-wroclaw.pl\/wp-content\/uploads\/2023\/09\/Posiedzenie-komitetu-Honorowego-2023-1-400x400.jpg\" width=\"400\" height=\"400\" alt=\"\" srcset=\"http:\/\/konsulat-austrii-wroclaw.pl\/wp-content\/uploads\/2023\/09\/Posiedzenie-komitetu-Honorowego-2023-1-400x400.jpg 400w, http:\/\/konsulat-austrii-wroclaw.pl\/wp-content\/uploads\/2023\/09\/Posiedzenie-komitetu-Honorowego-2023-1-800x800.jpg 800w, http:\/\/konsulat-austrii-wroclaw.pl\/wp-content\/uploads\/2023\/09\/Posiedzenie-komitetu-Honorowego-2023-1-540x540.jpg 540w, http:\/\/konsulat-austrii-wroclaw.pl\/wp-content\/uploads\/2023\/09\/Posiedzenie-komitetu-Honorowego-2023-1-270x270.jpg 270w\" sizes=\"(max-width: 400px) 100vw, 400px\" class=\"light-dropshaddow\"\/><\/a><\/div><\/div><div class=\"tcol-lg-4 tcol-md-4 tcol-sm-4 tcol-xs-6 tcol-ss-12 g_item\"><div class=\"grid_item kad_gallery_fade_in gallery_item\"><a href=\"http:\/\/konsulat-austrii-wroclaw.pl\/wp-content\/uploads\/2023\/09\/Posiedzenie-Komitetu-Honorowego-2023.jpg\" data-rel=\"lightbox\" class=\"lightboxhover\"><img src=\"http:\/\/konsulat-austrii-wroclaw.pl\/wp-content\/uploads\/2023\/09\/Posiedzenie-Komitetu-Honorowego-2023-400x400.jpg\" width=\"400\" height=\"400\" alt=\"\" srcset=\"http:\/\/konsulat-austrii-wroclaw.pl\/wp-content\/uploads\/2023\/09\/Posiedzenie-Komitetu-Honorowego-2023-400x400.jpg 400w, http:\/\/konsulat-austrii-wroclaw.pl\/wp-content\/uploads\/2023\/09\/Posiedzenie-Komitetu-Honorowego-2023-800x800.jpg 800w\" sizes=\"(max-width: 400px) 100vw, 400px\" class=\"light-dropshaddow\"\/><\/a><\/div><\/div><\/div>\n[PL]\u00a0 W dniu 13 wrze\u015bnia 2023 w Starostwie Wroc\u0142awskim odby\u0142o si\u0119 pierwsze posiedzenie Komitetu Honorowego Fundator\u00f3w Sztandaru dla 4 Regionalnej Bazy Logistycznej we Wroc\u0142awiu, kt\u00f3rego cz\u0142onkiem zosta\u0142 Konsul Honorowy Austrii dr Edward W\u0105siewicz.<\/p>\n[DE] <span id=\"[0,2]\" class=\"word\">Am<\/span> <span id=\"[3,5]\" class=\"word\">13<\/span>. <span id=\"[7,16]\" class=\"word\">September<\/span> <span id=\"[17,21]\" class=\"word\">2023<\/span> <span id=\"[22,26]\" class=\"word\">fand<\/span> <span id=\"[27,29]\" class=\"word\">im Bezirkshauptmannschaft<\/span> Breslau <span id=\"[58,61]\" class=\"word\">die<\/span> <span id=\"[62,67]\" class=\"word\">erste<\/span> <span id=\"[68,75]\" class=\"word\">Sitzung<\/span> <span id=\"[76,79]\" class=\"word\">des<\/span> <span id=\"[80,93]\" class=\"word\">Ehrenkomitees der Stifter <span id=\"[106,109]\" class=\"word\">der Fahne f\u00fcr die 4. Regionale Logistikbase in Breslau <\/span><\/span><span id=\"[118,123]\" class=\"word\">statt<\/span>, <span id=\"[125,131]\" class=\"word\">dessen<\/span> <span id=\"[132,140]\" class=\"word\">Mitglied<\/span> <span id=\"[141,144]\" class=\"word\">der<\/span> <span id=\"[145,160]\" class=\"word\">\u00f6sterreichische<\/span> <span id=\"[161,174]\" class=\"word\">Honorarkonsul<\/span> <span id=\"[175,177]\" class=\"word\">Dr<\/span>. <span id=\"[179,185]\" class=\"word\">Edward<\/span> <span id=\"[186,195]\" class=\"word\">W\u0105siewicz<\/span> <span id=\"[196,199]\" class=\"word\">wurde<\/span>.<\/p>\n","protected":false},"excerpt":{"rendered":"<p>[PL]\u00a0 W dniu 13 wrze\u015bnia 2023 w Starostwie Wroc\u0142awskim odby\u0142o si\u0119 pierwsze posiedzenie Komitetu Honorowego Fundator\u00f3w Sztandaru dla 4 Regionalnej Bazy Logistycznej we Wroc\u0142awiu, kt\u00f3rego cz\u0142onkiem zosta\u0142 Konsul Honorowy Austrii dr Edward W\u0105siewicz. [DE] Am 13. September 2023 fand im &hellip; <a href=\"http:\/\/konsulat-austrii-wroclaw.pl\/?p=1692\">Continued<\/a><\/p>\n","protected":false},"author":3,"featured_media":1693,"comment_status":"closed","ping_status":"closed","sticky":false,"template":"","format":"standard","meta":[],"categories":[1,25,23,4],"tags":[],"_links":{"self":[{"href":"http:\/\/konsulat-austrii-wroclaw.pl\/index.php?rest_route=\/wp\/v2\/posts\/1692"}],"collection":[{"href":"http:\/\/konsulat-austrii-wroclaw.pl\/index.php?rest_route=\/wp\/v2\/posts"}],"about":[{"href":"http:\/\/konsulat-austrii-wroclaw.pl\/index.php?rest_route=\/wp\/v2\/types\/post"}],"author":[{"embeddable":true,"href":"http:\/\/konsulat-austrii-wroclaw.pl\/index.php?rest_route=\/wp\/v2\/users\/3"}],"replies":[{"embeddable":true,"href":"http:\/\/konsulat-austrii-wroclaw.pl\/index.php?rest_route=%2Fwp%2Fv2%2Fcomments&post=1692"}],"version-history":[{"count":0,"href":"http:\/\/konsulat-austrii-wroclaw.pl\/index.php?rest_route=\/wp\/v2\/posts\/1692\/revisions"}],"wp:featuredmedia":[{"embeddable":true,"href":"http:\/\/konsulat-austrii-wroclaw.pl\/index.php?rest_route=\/wp\/v2\/media\/1693"}],"wp:attachment":[{"href":"http:\/\/konsulat-austrii-wroclaw.pl\/index.php?rest_route=%2Fwp%2Fv2%2Fmedia&parent=1692"}],"wp:term":[{"taxonomy":"category","embeddable":true,"href":"http:\/\/konsulat-austrii-wroclaw.pl\/index.php?rest_route=%2Fwp%2Fv2%2Fcategories&post=1692"},{"taxonomy":"post_tag","embeddable":true,"href":"http:\/\/konsulat-austrii-wroclaw.pl\/index.php?rest_route=%2Fwp%2Fv2%2Ftags&post=1692"}],"curies":[{"name":"wp","href":"https:\/\/api.w.org\/{rel}","templated":true}]}}