{"id":1704,"date":"2023-09-19T13:09:05","date_gmt":"2023-09-19T11:09:05","guid":{"rendered":"http:\/\/konsulat-austrii-wroclaw.pl\/?p=1704"},"modified":"2023-09-19T13:10:57","modified_gmt":"2023-09-19T11:10:57","slug":"wreczenie-dyplomow-magisterskich-tegorocznym-absolwentom-uniwersytetu-wsb-merito","status":"publish","type":"post","link":"http:\/\/konsulat-austrii-wroclaw.pl\/?p=1704","title":{"rendered":"Wr\u0119czenie dyplom\u00f3w magisterskich tegorocznym absolwentom Uniwersytetu WSB MERITO"},"content":{"rendered":"<div id=\"kad-wp-gallery17\" class=\"kad-wp-gallery kad-light-wp-gallery clearfix kt-gallery-column-3 rowtight\"><div class=\"tcol-lg-4 tcol-md-4 tcol-sm-4 tcol-xs-6 tcol-ss-12 g_item\"><div class=\"grid_item kad_gallery_fade_in gallery_item\"><a href=\"http:\/\/konsulat-austrii-wroclaw.pl\/wp-content\/uploads\/2023\/09\/WSB-Merito-1.jpg\" data-rel=\"lightbox\" class=\"lightboxhover\"><img src=\"http:\/\/konsulat-austrii-wroclaw.pl\/wp-content\/uploads\/2023\/09\/WSB-Merito-1-400x400.jpg\" width=\"400\" height=\"400\" alt=\"\" srcset=\"http:\/\/konsulat-austrii-wroclaw.pl\/wp-content\/uploads\/2023\/09\/WSB-Merito-1-400x400.jpg 400w, http:\/\/konsulat-austrii-wroclaw.pl\/wp-content\/uploads\/2023\/09\/WSB-Merito-1-800x800.jpg 800w\" sizes=\"(max-width: 400px) 100vw, 400px\" class=\"light-dropshaddow\"\/><\/a><\/div><\/div><div class=\"tcol-lg-4 tcol-md-4 tcol-sm-4 tcol-xs-6 tcol-ss-12 g_item\"><div class=\"grid_item kad_gallery_fade_in gallery_item\"><a href=\"http:\/\/konsulat-austrii-wroclaw.pl\/wp-content\/uploads\/2023\/09\/Wsb-Merito-2-1.jpg\" data-rel=\"lightbox\" class=\"lightboxhover\"><img src=\"http:\/\/konsulat-austrii-wroclaw.pl\/wp-content\/uploads\/2023\/09\/Wsb-Merito-2-1-400x400.jpg\" width=\"400\" height=\"400\" alt=\"\" srcset=\"http:\/\/konsulat-austrii-wroclaw.pl\/wp-content\/uploads\/2023\/09\/Wsb-Merito-2-1-400x400.jpg 400w, http:\/\/konsulat-austrii-wroclaw.pl\/wp-content\/uploads\/2023\/09\/Wsb-Merito-2-1-800x800.jpg 800w\" sizes=\"(max-width: 400px) 100vw, 400px\" class=\"light-dropshaddow\"\/><\/a><\/div><\/div><\/div>\n[PL] Uniwersytet WSB MERITO Wroc\u0142aw zaprosi\u0142 Konsula Honorowego dra Edwarda W\u0105siewicza do wyg\u0142oszenia wyk\u0142adu okoliczno\u015bciowego\/ motywacyjnego w trakcie uroczysto\u015bci wr\u0119czenia dyplom\u00f3w magisterskich tegorocznym absolwentom Uniwersytetu.<\/p>\n<p>Gratulujemy wszystkim absolwentom i \u017cyczymy wszystkiego dobrego!<\/p>\n[DE] W\u00e4hrend der Verleihung der Magisterdiplome an die diesj\u00e4hrigen Absolventen der Universit\u00e4t WSB MERITO hielt der Honorarkonsul Dr. Edward W\u0105siewicz einen Motivationsvortrag.<\/p>\n<p>Wir gratulieren allen Absolventen und w\u00fcnschen alles Gute!<\/p>\n","protected":false},"excerpt":{"rendered":"<p>[PL] Uniwersytet WSB MERITO Wroc\u0142aw zaprosi\u0142 Konsula Honorowego dra Edwarda W\u0105siewicza do wyg\u0142oszenia wyk\u0142adu okoliczno\u015bciowego\/ motywacyjnego w trakcie uroczysto\u015bci wr\u0119czenia dyplom\u00f3w magisterskich tegorocznym absolwentom Uniwersytetu. Gratulujemy wszystkim absolwentom i \u017cyczymy wszystkiego dobrego! [DE] W\u00e4hrend der Verleihung der Magisterdiplome an die &hellip; <a href=\"http:\/\/konsulat-austrii-wroclaw.pl\/?p=1704\">Continued<\/a><\/p>\n","protected":false},"author":3,"featured_media":1706,"comment_status":"closed","ping_status":"closed","sticky":false,"template":"","format":"standard","meta":[],"categories":[1,25,23,4],"tags":[],"_links":{"self":[{"href":"http:\/\/konsulat-austrii-wroclaw.pl\/index.php?rest_route=\/wp\/v2\/posts\/1704"}],"collection":[{"href":"http:\/\/konsulat-austrii-wroclaw.pl\/index.php?rest_route=\/wp\/v2\/posts"}],"about":[{"href":"http:\/\/konsulat-austrii-wroclaw.pl\/index.php?rest_route=\/wp\/v2\/types\/post"}],"author":[{"embeddable":true,"href":"http:\/\/konsulat-austrii-wroclaw.pl\/index.php?rest_route=\/wp\/v2\/users\/3"}],"replies":[{"embeddable":true,"href":"http:\/\/konsulat-austrii-wroclaw.pl\/index.php?rest_route=%2Fwp%2Fv2%2Fcomments&post=1704"}],"version-history":[{"count":0,"href":"http:\/\/konsulat-austrii-wroclaw.pl\/index.php?rest_route=\/wp\/v2\/posts\/1704\/revisions"}],"wp:featuredmedia":[{"embeddable":true,"href":"http:\/\/konsulat-austrii-wroclaw.pl\/index.php?rest_route=\/wp\/v2\/media\/1706"}],"wp:attachment":[{"href":"http:\/\/konsulat-austrii-wroclaw.pl\/index.php?rest_route=%2Fwp%2Fv2%2Fmedia&parent=1704"}],"wp:term":[{"taxonomy":"category","embeddable":true,"href":"http:\/\/konsulat-austrii-wroclaw.pl\/index.php?rest_route=%2Fwp%2Fv2%2Fcategories&post=1704"},{"taxonomy":"post_tag","embeddable":true,"href":"http:\/\/konsulat-austrii-wroclaw.pl\/index.php?rest_route=%2Fwp%2Fv2%2Ftags&post=1704"}],"curies":[{"name":"wp","href":"https:\/\/api.w.org\/{rel}","templated":true}]}}