{"id":1768,"date":"2023-12-07T13:53:46","date_gmt":"2023-12-07T12:53:46","guid":{"rendered":"http:\/\/konsulat-austrii-wroclaw.pl\/?p=1768"},"modified":"2024-01-10T13:00:35","modified_gmt":"2024-01-10T12:00:35","slug":"wiener-ball-2024","status":"publish","type":"post","link":"http:\/\/konsulat-austrii-wroclaw.pl\/?p=1768","title":{"rendered":"Wiener Ball 2024 \/\/ Bal Wiede\u0144ski 2024"},"content":{"rendered":"<p><img decoding=\"async\" loading=\"lazy\" class=\"alignleft size-medium wp-image-1769\" src=\"http:\/\/konsulat-austrii-wroclaw.pl\/wp-content\/uploads\/2023\/12\/Pawilon_2_fot.-W_Rogowicz_72dpi-1-1030x696-1030x696-1-300x203.jpg\" alt=\"\" width=\"300\" height=\"203\" srcset=\"http:\/\/konsulat-austrii-wroclaw.pl\/wp-content\/uploads\/2023\/12\/Pawilon_2_fot.-W_Rogowicz_72dpi-1-1030x696-1030x696-1-300x203.jpg 300w, http:\/\/konsulat-austrii-wroclaw.pl\/wp-content\/uploads\/2023\/12\/Pawilon_2_fot.-W_Rogowicz_72dpi-1-1030x696-1030x696-1-1024x692.jpg 1024w, http:\/\/konsulat-austrii-wroclaw.pl\/wp-content\/uploads\/2023\/12\/Pawilon_2_fot.-W_Rogowicz_72dpi-1-1030x696-1030x696-1-768x519.jpg 768w, http:\/\/konsulat-austrii-wroclaw.pl\/wp-content\/uploads\/2023\/12\/Pawilon_2_fot.-W_Rogowicz_72dpi-1-1030x696-1030x696-1.jpg 1030w\" sizes=\"(max-width: 300px) 100vw, 300px\" \/>[DE] Wir laden Sie herzlich zum Wiener Ball ein, der in dieser Saison am 3.02.2024 im wundersch\u00f6nen Vier-Kuppel-Pavillon stattfinden wird. M\u00f6ge der Walzer beginnen!<\/p>\n[PL] Serdecznie zapraszamy na Bal Wiede\u0144ski, kt\u00f3ry w tym sezonie odb\u0119dzie si\u0119 3 lutego 2024\u00a0 w pi\u0119knym Pawilonie Czterech kopu\u0142. Walca czas zacz\u0105\u0107!<\/p>\n<p>&nbsp;<\/p>\n<p>Fot. Arkadiusz Podstawka, Wojciech Rogowicz via https:\/\/mnwr.pl\/oddzialy\/pawilon-czterech-kopul\/historia\/<\/p>\n","protected":false},"excerpt":{"rendered":"<p>[DE] Wir laden Sie herzlich zum Wiener Ball ein, der in dieser Saison am 3.02.2024 im wundersch\u00f6nen Vier-Kuppel-Pavillon stattfinden wird. M\u00f6ge der Walzer beginnen! [PL] Serdecznie zapraszamy na Bal Wiede\u0144ski, kt\u00f3ry w tym sezonie odb\u0119dzie si\u0119 3 lutego 2024\u00a0 w &hellip; <a href=\"http:\/\/konsulat-austrii-wroclaw.pl\/?p=1768\">Continued<\/a><\/p>\n","protected":false},"author":3,"featured_media":1772,"comment_status":"closed","ping_status":"closed","sticky":false,"template":"","format":"standard","meta":[],"categories":[1,25,23,26,24,4],"tags":[],"_links":{"self":[{"href":"http:\/\/konsulat-austrii-wroclaw.pl\/index.php?rest_route=\/wp\/v2\/posts\/1768"}],"collection":[{"href":"http:\/\/konsulat-austrii-wroclaw.pl\/index.php?rest_route=\/wp\/v2\/posts"}],"about":[{"href":"http:\/\/konsulat-austrii-wroclaw.pl\/index.php?rest_route=\/wp\/v2\/types\/post"}],"author":[{"embeddable":true,"href":"http:\/\/konsulat-austrii-wroclaw.pl\/index.php?rest_route=\/wp\/v2\/users\/3"}],"replies":[{"embeddable":true,"href":"http:\/\/konsulat-austrii-wroclaw.pl\/index.php?rest_route=%2Fwp%2Fv2%2Fcomments&post=1768"}],"version-history":[{"count":0,"href":"http:\/\/konsulat-austrii-wroclaw.pl\/index.php?rest_route=\/wp\/v2\/posts\/1768\/revisions"}],"wp:featuredmedia":[{"embeddable":true,"href":"http:\/\/konsulat-austrii-wroclaw.pl\/index.php?rest_route=\/wp\/v2\/media\/1772"}],"wp:attachment":[{"href":"http:\/\/konsulat-austrii-wroclaw.pl\/index.php?rest_route=%2Fwp%2Fv2%2Fmedia&parent=1768"}],"wp:term":[{"taxonomy":"category","embeddable":true,"href":"http:\/\/konsulat-austrii-wroclaw.pl\/index.php?rest_route=%2Fwp%2Fv2%2Fcategories&post=1768"},{"taxonomy":"post_tag","embeddable":true,"href":"http:\/\/konsulat-austrii-wroclaw.pl\/index.php?rest_route=%2Fwp%2Fv2%2Ftags&post=1768"}],"curies":[{"name":"wp","href":"https:\/\/api.w.org\/{rel}","templated":true}]}}