{"id":1822,"date":"2024-03-18T13:49:23","date_gmt":"2024-03-18T12:49:23","guid":{"rendered":"http:\/\/konsulat-austrii-wroclaw.pl\/?p=1822"},"modified":"2024-03-18T13:52:51","modified_gmt":"2024-03-18T12:52:51","slug":"uroczystosc-nadania-sztandaru-4-regionalnej-bazie-logistycznej-wojska-polskiego-wroclaw-15-03-2024","status":"publish","type":"post","link":"http:\/\/konsulat-austrii-wroclaw.pl\/?p=1822","title":{"rendered":"Uroczysto\u015b\u0107 nadania sztandaru 4. Regionalnej Bazie Logistycznej Wojska Polskiego. Wroc\u0142aw, 15.03.2024"},"content":{"rendered":"<div id=\"kad-wp-gallery49\" class=\"kad-wp-gallery kad-light-wp-gallery clearfix kt-gallery-column-3 rowtight\"><div class=\"tcol-lg-4 tcol-md-4 tcol-sm-4 tcol-xs-6 tcol-ss-12 g_item\"><div class=\"grid_item kad_gallery_fade_in gallery_item\"><a href=\"http:\/\/konsulat-austrii-wroclaw.pl\/wp-content\/uploads\/2024\/03\/Sztandar.jpg\" data-rel=\"lightbox\" class=\"lightboxhover\"><img src=\"http:\/\/konsulat-austrii-wroclaw.pl\/wp-content\/uploads\/2024\/03\/Sztandar-400x400.jpg\" width=\"400\" height=\"400\" alt=\"\" srcset=\"http:\/\/konsulat-austrii-wroclaw.pl\/wp-content\/uploads\/2024\/03\/Sztandar-400x400.jpg 400w, http:\/\/konsulat-austrii-wroclaw.pl\/wp-content\/uploads\/2024\/03\/Sztandar-800x800.jpg 800w\" sizes=\"(max-width: 400px) 100vw, 400px\" class=\"light-dropshaddow\"\/><\/a><\/div><\/div><div class=\"tcol-lg-4 tcol-md-4 tcol-sm-4 tcol-xs-6 tcol-ss-12 g_item\"><div class=\"grid_item kad_gallery_fade_in gallery_item\"><a href=\"http:\/\/konsulat-austrii-wroclaw.pl\/wp-content\/uploads\/2024\/03\/Sztandar-2024.jpg\" data-rel=\"lightbox\" class=\"lightboxhover\"><img src=\"http:\/\/konsulat-austrii-wroclaw.pl\/wp-content\/uploads\/2024\/03\/Sztandar-2024-400x400.jpg\" width=\"400\" height=\"400\" alt=\"\" srcset=\"http:\/\/konsulat-austrii-wroclaw.pl\/wp-content\/uploads\/2024\/03\/Sztandar-2024-400x400.jpg 400w, http:\/\/konsulat-austrii-wroclaw.pl\/wp-content\/uploads\/2024\/03\/Sztandar-2024-540x540.jpg 540w, http:\/\/konsulat-austrii-wroclaw.pl\/wp-content\/uploads\/2024\/03\/Sztandar-2024-270x270.jpg 270w, http:\/\/konsulat-austrii-wroclaw.pl\/wp-content\/uploads\/2024\/03\/Sztandar-2024-800x800.jpg 800w\" sizes=\"(max-width: 400px) 100vw, 400px\" class=\"light-dropshaddow\"\/><\/a><\/div><\/div><div class=\"tcol-lg-4 tcol-md-4 tcol-sm-4 tcol-xs-6 tcol-ss-12 g_item\"><div class=\"grid_item kad_gallery_fade_in gallery_item\"><a href=\"http:\/\/konsulat-austrii-wroclaw.pl\/wp-content\/uploads\/2024\/03\/sztandar-2024-1.jpg\" data-rel=\"lightbox\" class=\"lightboxhover\"><img src=\"http:\/\/konsulat-austrii-wroclaw.pl\/wp-content\/uploads\/2024\/03\/sztandar-2024-1-400x400.jpg\" width=\"400\" height=\"400\" alt=\"\" srcset=\"http:\/\/konsulat-austrii-wroclaw.pl\/wp-content\/uploads\/2024\/03\/sztandar-2024-1-400x400.jpg 400w, http:\/\/konsulat-austrii-wroclaw.pl\/wp-content\/uploads\/2024\/03\/sztandar-2024-1-800x800.jpg 800w\" sizes=\"(max-width: 400px) 100vw, 400px\" class=\"light-dropshaddow\"\/><\/a><\/div><\/div><\/div>\n[PL] Konsul Honorowy Austrii dr Edward W\u0105siewicz wzi\u0105\u0142 udzia\u0142 w uroczysto\u015bci nadania sztandaru 4. Regionalnej Bazie Logistycznej Wojska Polskiego.<\/p>\n[DE] Der \u00f6sterreichische Honorarkonsul Dr. Edward W\u0105siewicz nahm an der Zeremonie zur Verleihung der Standarte an die 4. regionale logistische Basis der polnischen Armee teil.<\/p>\n","protected":false},"excerpt":{"rendered":"<p>[PL] Konsul Honorowy Austrii dr Edward W\u0105siewicz wzi\u0105\u0142 udzia\u0142 w uroczysto\u015bci nadania sztandaru 4. Regionalnej Bazie Logistycznej Wojska Polskiego. [DE] Der \u00f6sterreichische Honorarkonsul Dr. Edward W\u0105siewicz nahm an der Zeremonie zur Verleihung der Standarte an die 4. regionale logistische Basis &hellip; <a href=\"http:\/\/konsulat-austrii-wroclaw.pl\/?p=1822\">Continued<\/a><\/p>\n","protected":false},"author":3,"featured_media":1824,"comment_status":"closed","ping_status":"closed","sticky":false,"template":"","format":"standard","meta":[],"categories":[1,25,23,4],"tags":[],"_links":{"self":[{"href":"http:\/\/konsulat-austrii-wroclaw.pl\/index.php?rest_route=\/wp\/v2\/posts\/1822"}],"collection":[{"href":"http:\/\/konsulat-austrii-wroclaw.pl\/index.php?rest_route=\/wp\/v2\/posts"}],"about":[{"href":"http:\/\/konsulat-austrii-wroclaw.pl\/index.php?rest_route=\/wp\/v2\/types\/post"}],"author":[{"embeddable":true,"href":"http:\/\/konsulat-austrii-wroclaw.pl\/index.php?rest_route=\/wp\/v2\/users\/3"}],"replies":[{"embeddable":true,"href":"http:\/\/konsulat-austrii-wroclaw.pl\/index.php?rest_route=%2Fwp%2Fv2%2Fcomments&post=1822"}],"version-history":[{"count":0,"href":"http:\/\/konsulat-austrii-wroclaw.pl\/index.php?rest_route=\/wp\/v2\/posts\/1822\/revisions"}],"wp:featuredmedia":[{"embeddable":true,"href":"http:\/\/konsulat-austrii-wroclaw.pl\/index.php?rest_route=\/wp\/v2\/media\/1824"}],"wp:attachment":[{"href":"http:\/\/konsulat-austrii-wroclaw.pl\/index.php?rest_route=%2Fwp%2Fv2%2Fmedia&parent=1822"}],"wp:term":[{"taxonomy":"category","embeddable":true,"href":"http:\/\/konsulat-austrii-wroclaw.pl\/index.php?rest_route=%2Fwp%2Fv2%2Fcategories&post=1822"},{"taxonomy":"post_tag","embeddable":true,"href":"http:\/\/konsulat-austrii-wroclaw.pl\/index.php?rest_route=%2Fwp%2Fv2%2Ftags&post=1822"}],"curies":[{"name":"wp","href":"https:\/\/api.w.org\/{rel}","templated":true}]}}