{"id":1845,"date":"2024-09-23T13:08:40","date_gmt":"2024-09-23T11:08:40","guid":{"rendered":"http:\/\/konsulat-austrii-wroclaw.pl\/?p=1845"},"modified":"2024-09-23T13:08:40","modified_gmt":"2024-09-23T11:08:40","slug":"treffen-der-ministerprasidenten","status":"publish","type":"post","link":"http:\/\/konsulat-austrii-wroclaw.pl\/?p=1845","title":{"rendered":"Treffen der Ministerpr\u00e4sidenten"},"content":{"rendered":"<p>DEU: An dem Treffen der Ministerpr\u00e4sidenten der von der Flutkatastrophe betroffenen L\u00e4nder nahm auch der \u00f6sterreichische Bundeskanzler Karl Nehammer teil, der vom \u00f6sterreichischen Botschafter Andreas Stadler und dem \u00f6sterreichischen Honorarkonsul Edward W\u0105siewicz begleitet wurde.<\/p>\n<p>POL: W spotkaniu Premier\u00f3w pa\u0144stw dotkni\u0119tych ostatni\u0105 katastrof\u0105 powodzi uczestniczy\u0142 Kanclerz Austrii Karl Nehammer, kt\u00f3remu towarzyszyli Ambasador Austrii Andreas Stadler i Konsul Honorowy Austrii Edward W\u0105siewicz.<\/p>\n<div class=\"entry-content-asset videofit\"><iframe loading=\"lazy\" title=\"Hochwasser-Gipfel in Polen mit Kanzler Nehammer\" width=\"1140\" height=\"641\" src=\"https:\/\/www.youtube.com\/embed\/IeRrDWfnsqk?feature=oembed\" frameborder=\"0\" allow=\"accelerometer; autoplay; clipboard-write; encrypted-media; gyroscope; picture-in-picture; web-share\" referrerpolicy=\"strict-origin-when-cross-origin\" allowfullscreen><\/iframe><\/div>\n<p>&nbsp;<\/p>\n<div style=\"width: 478px;\" class=\"wp-video\"><!--[if lt IE 9]><script>document.createElement('video');<\/script><![endif]-->\n<video class=\"wp-video-shortcode\" id=\"video-1845-1\" width=\"478\" height=\"850\" preload=\"metadata\" controls=\"controls\"><source type=\"video\/mp4\" src=\"http:\/\/konsulat-austrii-wroclaw.pl\/wp-content\/uploads\/2024\/09\/VID-20240923-WA0000.mp4?_=1\" \/><a href=\"http:\/\/konsulat-austrii-wroclaw.pl\/wp-content\/uploads\/2024\/09\/VID-20240923-WA0000.mp4\">http:\/\/konsulat-austrii-wroclaw.pl\/wp-content\/uploads\/2024\/09\/VID-20240923-WA0000.mp4<\/a><\/video><\/div>\n","protected":false},"excerpt":{"rendered":"<p>DEU: An dem Treffen der Ministerpr\u00e4sidenten der von der Flutkatastrophe betroffenen L\u00e4nder nahm auch der \u00f6sterreichische Bundeskanzler Karl Nehammer teil, der vom \u00f6sterreichischen Botschafter Andreas Stadler und dem \u00f6sterreichischen Honorarkonsul Edward W\u0105siewicz begleitet wurde. POL: W spotkaniu Premier\u00f3w pa\u0144stw dotkni\u0119tych &hellip; <a href=\"http:\/\/konsulat-austrii-wroclaw.pl\/?p=1845\">Continued<\/a><\/p>\n","protected":false},"author":3,"featured_media":1846,"comment_status":"closed","ping_status":"closed","sticky":false,"template":"","format":"standard","meta":[],"categories":[1,25,23,4],"tags":[],"_links":{"self":[{"href":"http:\/\/konsulat-austrii-wroclaw.pl\/index.php?rest_route=\/wp\/v2\/posts\/1845"}],"collection":[{"href":"http:\/\/konsulat-austrii-wroclaw.pl\/index.php?rest_route=\/wp\/v2\/posts"}],"about":[{"href":"http:\/\/konsulat-austrii-wroclaw.pl\/index.php?rest_route=\/wp\/v2\/types\/post"}],"author":[{"embeddable":true,"href":"http:\/\/konsulat-austrii-wroclaw.pl\/index.php?rest_route=\/wp\/v2\/users\/3"}],"replies":[{"embeddable":true,"href":"http:\/\/konsulat-austrii-wroclaw.pl\/index.php?rest_route=%2Fwp%2Fv2%2Fcomments&post=1845"}],"version-history":[{"count":0,"href":"http:\/\/konsulat-austrii-wroclaw.pl\/index.php?rest_route=\/wp\/v2\/posts\/1845\/revisions"}],"wp:featuredmedia":[{"embeddable":true,"href":"http:\/\/konsulat-austrii-wroclaw.pl\/index.php?rest_route=\/wp\/v2\/media\/1846"}],"wp:attachment":[{"href":"http:\/\/konsulat-austrii-wroclaw.pl\/index.php?rest_route=%2Fwp%2Fv2%2Fmedia&parent=1845"}],"wp:term":[{"taxonomy":"category","embeddable":true,"href":"http:\/\/konsulat-austrii-wroclaw.pl\/index.php?rest_route=%2Fwp%2Fv2%2Fcategories&post=1845"},{"taxonomy":"post_tag","embeddable":true,"href":"http:\/\/konsulat-austrii-wroclaw.pl\/index.php?rest_route=%2Fwp%2Fv2%2Ftags&post=1845"}],"curies":[{"name":"wp","href":"https:\/\/api.w.org\/{rel}","templated":true}]}}