{"id":1861,"date":"2024-11-08T14:30:03","date_gmt":"2024-11-08T13:30:03","guid":{"rendered":"http:\/\/konsulat-austrii-wroclaw.pl\/?p=1861"},"modified":"2024-11-08T14:30:03","modified_gmt":"2024-11-08T13:30:03","slug":"25-wiosna-austriacka","status":"publish","type":"post","link":"http:\/\/konsulat-austrii-wroclaw.pl\/?p=1861","title":{"rendered":"25 Wiosna Austriacka"},"content":{"rendered":"[DE] Vor kurzem\u00a0besuchten Prof. Gabriela Jelitto-Piechulik und Dr. Ma\u0142gorzata Jokiel vom Institut f\u00fcr Germanische Philologie der Universit\u00e4t Opole sowie Monika W\u00f3jcik-Bednarz, Direktorin der \u00d6sterreichischen Bibliothek in Opole, das Konsulat, um die Schirmherrschaft und Unterst\u00fctzung des Festivals \u201e25. \u00d6sterreichischer Fr\u00fchling\u201c in Oppeln\u00a0vom \u00f6sterreichischen Honorarkonsul Dr. Edward W\u0105siewicz festzustellen.<br \/>\n[PL] Niedawno Konsulat odwiedzi\u0142y Pani Profesor Gabriela Jelitto-Piechulik i Pani Doktor Ma\u0142gorzata Jokiel z Instytutu Filologii Germa\u0144skiej Uniwersytetu Opolskiego, oraz Pani Dyrektor Biblioteki Austriackiej w Opolu Monika W\u00f3jcik-Bednarz, aby ustali\u0107 obj\u0119cie patronatem honorowym i wsparcie festiwalu &#8222;25 Wiosna Austriacka&#8221; w Opolu przez Pana Konsula Honorowego Austrii dra Edwarda W\u0105siewicza.<\/p>\n","protected":false},"excerpt":{"rendered":"<p>[DE] Vor kurzem\u00a0besuchten Prof. Gabriela Jelitto-Piechulik und Dr. Ma\u0142gorzata Jokiel vom Institut f\u00fcr Germanische Philologie der Universit\u00e4t Opole sowie Monika W\u00f3jcik-Bednarz, Direktorin der \u00d6sterreichischen Bibliothek in Opole, das Konsulat, um die Schirmherrschaft und Unterst\u00fctzung des Festivals \u201e25. \u00d6sterreichischer Fr\u00fchling\u201c in &hellip; <a href=\"http:\/\/konsulat-austrii-wroclaw.pl\/?p=1861\">Continued<\/a><\/p>\n","protected":false},"author":3,"featured_media":1862,"comment_status":"closed","ping_status":"closed","sticky":false,"template":"","format":"standard","meta":[],"categories":[23,26],"tags":[],"_links":{"self":[{"href":"http:\/\/konsulat-austrii-wroclaw.pl\/index.php?rest_route=\/wp\/v2\/posts\/1861"}],"collection":[{"href":"http:\/\/konsulat-austrii-wroclaw.pl\/index.php?rest_route=\/wp\/v2\/posts"}],"about":[{"href":"http:\/\/konsulat-austrii-wroclaw.pl\/index.php?rest_route=\/wp\/v2\/types\/post"}],"author":[{"embeddable":true,"href":"http:\/\/konsulat-austrii-wroclaw.pl\/index.php?rest_route=\/wp\/v2\/users\/3"}],"replies":[{"embeddable":true,"href":"http:\/\/konsulat-austrii-wroclaw.pl\/index.php?rest_route=%2Fwp%2Fv2%2Fcomments&post=1861"}],"version-history":[{"count":0,"href":"http:\/\/konsulat-austrii-wroclaw.pl\/index.php?rest_route=\/wp\/v2\/posts\/1861\/revisions"}],"wp:featuredmedia":[{"embeddable":true,"href":"http:\/\/konsulat-austrii-wroclaw.pl\/index.php?rest_route=\/wp\/v2\/media\/1862"}],"wp:attachment":[{"href":"http:\/\/konsulat-austrii-wroclaw.pl\/index.php?rest_route=%2Fwp%2Fv2%2Fmedia&parent=1861"}],"wp:term":[{"taxonomy":"category","embeddable":true,"href":"http:\/\/konsulat-austrii-wroclaw.pl\/index.php?rest_route=%2Fwp%2Fv2%2Fcategories&post=1861"},{"taxonomy":"post_tag","embeddable":true,"href":"http:\/\/konsulat-austrii-wroclaw.pl\/index.php?rest_route=%2Fwp%2Fv2%2Ftags&post=1861"}],"curies":[{"name":"wp","href":"https:\/\/api.w.org\/{rel}","templated":true}]}}