{"id":1987,"date":"2026-03-17T13:36:49","date_gmt":"2026-03-17T12:36:49","guid":{"rendered":"http:\/\/konsulat-austrii-wroclaw.pl\/?p=1987"},"modified":"2026-03-17T13:36:49","modified_gmt":"2026-03-17T12:36:49","slug":"spotkanie-konsula-z-mlodzieza-w-brzegu","status":"publish","type":"post","link":"http:\/\/konsulat-austrii-wroclaw.pl\/?p=1987","title":{"rendered":"Spotkanie Konsula z m\u0142odzie\u017c\u0105 w Brzegu"},"content":{"rendered":"<div class=\"flex max-w-full flex-col gap-4 grow\">\n<div class=\"min-h-8 text-message relative flex w-full flex-col items-end gap-2 text-start break-words whitespace-normal [.text-message+&amp;]:mt-1\" dir=\"auto\" data-message-author-role=\"assistant\" data-message-id=\"80afe7ae-58b8-409d-8d38-6db2ad0f4e3c\" data-message-model-slug=\"gpt-5-3\">\n<div class=\"flex w-full flex-col gap-1 empty:hidden\">\n<div class=\"markdown prose dark:prose-invert w-full wrap-break-word light markdown-new-styling\">\n<p data-start=\"21\" data-end=\"257\">[DE] Der Honorarkonsul \u00d6sterreichs f\u00fcr Breslau und Oppeln, Dr. Edward W\u0105siewicz, war zu Gast bei einem Treffen im Zbigniew-Herbert-Gymnasium Nr. 2 in Brzeg. Der Besuch erfolgte auf Einladung der Woiwodin von Oppeln, Frau Monika Jurek, sowie des Schulleiters, Herrn Leszek Lipi\u0144ski.<br \/>\nW\u00e4hrend des Treffens hielt Konsul Dr. Edward W\u0105siewicz einen Vortrag \u00fcber den Aufbau der polnisch-\u00f6sterreichischen Beziehungen und die Bedeutung der internationalen Zusammenarbeit auf regionaler und gesellschaftlicher Ebene. Unter Bezugnahme auf seine \u00fcber zehnj\u00e4hrige Erfahrung als Honorarkonsul sprach er \u00fcber die praktischen Aspekte der diplomatischen Arbeit und dar\u00fcber, wie im Alltag Br\u00fccken der Zusammenarbeit zwischen Polen und \u00d6sterreich geschlagen werden.<br \/>\nDer Gast der Veranstaltung erl\u00e4uterte zudem die Rolle des Honorarkonsuls, dessen Aufgaben bei der F\u00f6rderung wirtschaftlicher, kultureller und bildungspolitischer Kontakte sowie den Ablauf des Ernennungsverfahrens f\u00fcr dieses Amt. Er betonte die Bedeutung des internationalen Dialogs, des gegenseitigen Verst\u00e4ndnisses und der aktiven Zusammenarbeit zwischen den Institutionen beider L\u00e4nder.<br \/>\nDie Sch\u00fcler hatten die Gelegenheit zu erfahren, wie die Arbeit in der Diplomatie aussieht, welche Kompetenzen in diesem Bereich erforderlich sind und wie wichtig die Beziehungen zwischen den V\u00f6lkern sind, die nicht nur auf Regierungsebene, sondern auch auf lokaler und gesellschaftlicher Ebene aufgebaut werden.<br \/>\nDas Treffen stie\u00df bei den Jugendlichen und dem Lehrpersonal auf gro\u00dfes Interesse und wurde zu einer inspirierenden Lektion \u00fcber die moderne Diplomatie und die Bedeutung der polnisch-\u00f6sterreichischen Beziehungen.<\/p>\n<p data-start=\"21\" data-end=\"257\">\n<p data-start=\"21\" data-end=\"257\"><span class=\"BZ_Pyq_fadeIn\">[PL] Konsul <\/span><span class=\"BZ_Pyq_fadeIn\">Honorowy <\/span><span class=\"BZ_Pyq_fadeIn\">Austrii <\/span><span class=\"BZ_Pyq_fadeIn\">dla <\/span><span class=\"BZ_Pyq_fadeIn\">Wroc\u0142awia <\/span><span class=\"BZ_Pyq_fadeIn\">i <\/span><span class=\"BZ_Pyq_fadeIn\">Opola, <\/span><span class=\"BZ_Pyq_fadeIn\">dr <\/span><span class=\"BZ_Pyq_fadeIn\">Edward <\/span><span class=\"BZ_Pyq_fadeIn\">W\u0105siewicz, <\/span><span class=\"BZ_Pyq_fadeIn\">by\u0142 <\/span><span class=\"BZ_Pyq_fadeIn\">go\u015bciem <\/span><span class=\"BZ_Pyq_fadeIn\">spotkania <\/span><span class=\"BZ_Pyq_fadeIn\">w <\/span><span class=\"BZ_Pyq_fadeIn\">II <\/span><span class=\"BZ_Pyq_fadeIn\">Liceum <\/span><span class=\"BZ_Pyq_fadeIn\">Og\u00f3lnokszta\u0142c\u0105cym <\/span><span class=\"BZ_Pyq_fadeIn\">im. Zbigniewa Herberta w <\/span><span class=\"BZ_Pyq_fadeIn\">Brzegu. <\/span><span class=\"BZ_Pyq_fadeIn\">Wizyta <\/span><span class=\"BZ_Pyq_fadeIn\">odby\u0142a <\/span><span class=\"BZ_Pyq_fadeIn\">si\u0119 <\/span><span class=\"BZ_Pyq_fadeIn\">na <\/span><span class=\"BZ_Pyq_fadeIn\">zaproszenie <\/span><span class=\"BZ_Pyq_fadeIn\">Wojewody <\/span><span class=\"BZ_Pyq_fadeIn\">Opolskiej Pani\u00a0<\/span><span class=\"BZ_Pyq_fadeIn\">Moniki <\/span><span class=\"BZ_Pyq_fadeIn\">Jurek <\/span><span class=\"BZ_Pyq_fadeIn\">oraz <\/span><span class=\"BZ_Pyq_fadeIn\">dyrektora <\/span><span class=\"BZ_Pyq_fadeIn\">szko\u0142y Pana\u00a0<\/span><span class=\"BZ_Pyq_fadeIn\">Leszka <\/span><span class=\"BZ_Pyq_fadeIn\">Lipi\u0144skiego.<\/span><\/p>\n<p data-start=\"259\" data-end=\"704\"><span class=\"BZ_Pyq_fadeIn\">Podczas <\/span><span class=\"BZ_Pyq_fadeIn\">spotkania <\/span><span class=\"BZ_Pyq_fadeIn\">Konsul dr <\/span><span class=\"BZ_Pyq_fadeIn\">Edward W\u0105siewicz <\/span><span class=\"BZ_Pyq_fadeIn\">wyg\u0142osi\u0142 <\/span><span class=\"BZ_Pyq_fadeIn\">prelekcj\u0119 <\/span><span class=\"BZ_Pyq_fadeIn\">po\u015bwi\u0119con\u0105 <\/span><span class=\"BZ_Pyq_fadeIn\">budowaniu <\/span><span class=\"BZ_Pyq_fadeIn\">relacji <\/span><span class=\"BZ_Pyq_fadeIn\">polsko-<\/span><span class=\"BZ_Pyq_fadeIn\">austriackich <\/span><span class=\"BZ_Pyq_fadeIn\">oraz <\/span><span class=\"BZ_Pyq_fadeIn\">znaczeniu <\/span><span class=\"BZ_Pyq_fadeIn\">wsp\u00f3\u0142pracy <\/span><span class=\"BZ_Pyq_fadeIn\">mi\u0119dzynarodowej <\/span><span class=\"BZ_Pyq_fadeIn\">na <\/span><span class=\"BZ_Pyq_fadeIn\">poziomie <\/span><span class=\"BZ_Pyq_fadeIn\">regionalnym <\/span><span class=\"BZ_Pyq_fadeIn\">i <\/span><span class=\"BZ_Pyq_fadeIn\">spo\u0142ecznym. <\/span><span class=\"BZ_Pyq_fadeIn\">Odwo\u0142uj\u0105c <\/span><span class=\"BZ_Pyq_fadeIn\">si\u0119 <\/span><span class=\"BZ_Pyq_fadeIn\">do <\/span><span class=\"BZ_Pyq_fadeIn\">swojego <\/span><span class=\"BZ_Pyq_fadeIn\">bogatego, <\/span><span class=\"BZ_Pyq_fadeIn\">ponad <\/span><span class=\"BZ_Pyq_fadeIn\">dziesi\u0119cioletniego <\/span><span class=\"BZ_Pyq_fadeIn\">do\u015bwiadczenia <\/span><span class=\"BZ_Pyq_fadeIn\">w <\/span><span class=\"BZ_Pyq_fadeIn\">pe\u0142nieniu <\/span><span class=\"BZ_Pyq_fadeIn\">funkcji <\/span><span class=\"BZ_Pyq_fadeIn\">konsula <\/span><span class=\"BZ_Pyq_fadeIn\">honorowego, <\/span><span class=\"BZ_Pyq_fadeIn\">opowiada\u0142 <\/span><span class=\"BZ_Pyq_fadeIn\">o <\/span><span class=\"BZ_Pyq_fadeIn\">praktycznych <\/span><span class=\"BZ_Pyq_fadeIn\">aspektach <\/span><span class=\"BZ_Pyq_fadeIn\">pracy <\/span><span class=\"BZ_Pyq_fadeIn\">dyplomatycznej <\/span><span class=\"BZ_Pyq_fadeIn\">oraz <\/span><span class=\"BZ_Pyq_fadeIn\">o <\/span><span class=\"BZ_Pyq_fadeIn\">tym, <\/span><span class=\"BZ_Pyq_fadeIn\">jak <\/span><span class=\"BZ_Pyq_fadeIn\">w <\/span><span class=\"BZ_Pyq_fadeIn\">codziennej <\/span><span class=\"BZ_Pyq_fadeIn\">dzia\u0142alno\u015bci <\/span><span class=\"BZ_Pyq_fadeIn\">buduje <\/span><span class=\"BZ_Pyq_fadeIn\">si\u0119 <\/span><span class=\"BZ_Pyq_fadeIn\">mosty <\/span><span class=\"BZ_Pyq_fadeIn\">wsp\u00f3\u0142pracy <\/span><span class=\"BZ_Pyq_fadeIn\">pomi\u0119dzy <\/span><span class=\"BZ_Pyq_fadeIn\">Polsk\u0105 <\/span><span class=\"BZ_Pyq_fadeIn\">a <\/span><span class=\"BZ_Pyq_fadeIn\">Austri\u0105.<\/span><\/p>\n<p data-start=\"706\" data-end=\"1042\"><span class=\"BZ_Pyq_fadeIn\">Go\u015b\u0107 <\/span><span class=\"BZ_Pyq_fadeIn\">spotkania <\/span><span class=\"BZ_Pyq_fadeIn\">przybli\u017cy\u0142 <\/span><span class=\"BZ_Pyq_fadeIn\">r\u00f3wnie\u017c <\/span><span class=\"BZ_Pyq_fadeIn\">rol\u0119 <\/span><span class=\"BZ_Pyq_fadeIn\">Konsula <\/span><span class=\"BZ_Pyq_fadeIn\">Honorowego, <\/span><span class=\"BZ_Pyq_fadeIn\">jego <\/span><span class=\"BZ_Pyq_fadeIn\">zadania <\/span><span class=\"BZ_Pyq_fadeIn\">w <\/span><span class=\"BZ_Pyq_fadeIn\">zakresie <\/span><span class=\"BZ_Pyq_fadeIn\">wspierania <\/span><span class=\"BZ_Pyq_fadeIn\">kontakt\u00f3w <\/span><span class=\"BZ_Pyq_fadeIn\">gospodarczych, <\/span><span class=\"BZ_Pyq_fadeIn\">kulturalnych <\/span><span class=\"BZ_Pyq_fadeIn\">i <\/span><span class=\"BZ_Pyq_fadeIn\">edukacyjnych <\/span><span class=\"BZ_Pyq_fadeIn\">oraz <\/span><span class=\"BZ_Pyq_fadeIn\">wyja\u015bni\u0142, <\/span><span class=\"BZ_Pyq_fadeIn\">jak <\/span><span class=\"BZ_Pyq_fadeIn\">wygl\u0105da <\/span><span class=\"BZ_Pyq_fadeIn\">proces <\/span><span class=\"BZ_Pyq_fadeIn\">mianowania <\/span><span class=\"BZ_Pyq_fadeIn\">na <\/span><span class=\"BZ_Pyq_fadeIn\">to <\/span><span class=\"BZ_Pyq_fadeIn\">stanowisko. <\/span><span class=\"BZ_Pyq_fadeIn\">Podkre\u015bli\u0142 <\/span><span class=\"BZ_Pyq_fadeIn\">znaczenie <\/span><span class=\"BZ_Pyq_fadeIn\">dialogu <\/span><span class=\"BZ_Pyq_fadeIn\">mi\u0119dzynarodowego, <\/span><span class=\"BZ_Pyq_fadeIn\">wzajemnego <\/span><span class=\"BZ_Pyq_fadeIn\">zrozumienia <\/span><span class=\"BZ_Pyq_fadeIn\">oraz <\/span><span class=\"BZ_Pyq_fadeIn\">aktywnej <\/span><span class=\"BZ_Pyq_fadeIn\">wsp\u00f3\u0142pracy <\/span><span class=\"BZ_Pyq_fadeIn\">mi\u0119dzy <\/span><span class=\"BZ_Pyq_fadeIn\">instytucjami <\/span><span class=\"BZ_Pyq_fadeIn\">obu <\/span><span class=\"BZ_Pyq_fadeIn\">kraj\u00f3w.<\/span><\/p>\n<p data-start=\"1044\" data-end=\"1278\"><span class=\"BZ_Pyq_fadeIn\">Uczniowie <\/span><span class=\"BZ_Pyq_fadeIn\">mieli <\/span><span class=\"BZ_Pyq_fadeIn\">okazj\u0119 <\/span><span class=\"BZ_Pyq_fadeIn\">dowiedzie\u0107 <\/span><span class=\"BZ_Pyq_fadeIn\">si\u0119, <\/span><span class=\"BZ_Pyq_fadeIn\">jak <\/span><span class=\"BZ_Pyq_fadeIn\">wygl\u0105da <\/span><span class=\"BZ_Pyq_fadeIn\">praca <\/span><span class=\"BZ_Pyq_fadeIn\">w <\/span><span class=\"BZ_Pyq_fadeIn\">dyplomacji, <\/span><span class=\"BZ_Pyq_fadeIn\">jakie <\/span><span class=\"BZ_Pyq_fadeIn\">kompetencje <\/span><span class=\"BZ_Pyq_fadeIn\">s\u0105 <\/span><span class=\"BZ_Pyq_fadeIn\">potrzebne <\/span><span class=\"BZ_Pyq_fadeIn\">w <\/span><span class=\"BZ_Pyq_fadeIn\">tej <\/span><span class=\"BZ_Pyq_fadeIn\">dziedzinie <\/span><span class=\"BZ_Pyq_fadeIn\">oraz <\/span><span class=\"BZ_Pyq_fadeIn\">jak <\/span><span class=\"BZ_Pyq_fadeIn\">wa\u017cne <\/span><span class=\"BZ_Pyq_fadeIn\">s\u0105 <\/span><span class=\"BZ_Pyq_fadeIn\">relacje <\/span><span class=\"BZ_Pyq_fadeIn\">mi\u0119dzy <\/span><span class=\"BZ_Pyq_fadeIn\">narodami <\/span><span class=\"BZ_Pyq_fadeIn\">budowane <\/span><span class=\"BZ_Pyq_fadeIn\">nie <\/span><span class=\"BZ_Pyq_fadeIn\">tylko <\/span><span class=\"BZ_Pyq_fadeIn\">na <\/span><span class=\"BZ_Pyq_fadeIn\">poziomie <\/span><span class=\"BZ_Pyq_fadeIn\">rz\u0105dowym, <\/span><span class=\"BZ_Pyq_fadeIn\">ale <\/span><span class=\"BZ_Pyq_fadeIn\">tak\u017ce <\/span><span class=\"BZ_Pyq_fadeIn\">lokalnym <\/span><span class=\"BZ_Pyq_fadeIn\">i <\/span><span class=\"BZ_Pyq_fadeIn\">spo\u0142ecznym.<\/span><\/p>\n<p data-start=\"1280\" data-end=\"1460\" data-is-last-node=\"\" data-is-only-node=\"\"><span class=\"BZ_Pyq_fadeIn\">Spotkanie <\/span><span class=\"BZ_Pyq_fadeIn\">spotka\u0142o <\/span><span class=\"BZ_Pyq_fadeIn\">si\u0119 <\/span><span class=\"BZ_Pyq_fadeIn\">z <\/span><span class=\"BZ_Pyq_fadeIn\">du\u017cym <\/span><span class=\"BZ_Pyq_fadeIn\">zainteresowaniem <\/span><span class=\"BZ_Pyq_fadeIn\">m\u0142odzie\u017cy <\/span><span class=\"BZ_Pyq_fadeIn\">i <\/span><span class=\"BZ_Pyq_fadeIn\">kadry <\/span><span class=\"BZ_Pyq_fadeIn\">pedagogicznej, <\/span><span class=\"BZ_Pyq_fadeIn\">staj\u0105c <\/span><span class=\"BZ_Pyq_fadeIn\">si\u0119 <\/span><span class=\"BZ_Pyq_fadeIn\">inspiruj\u0105c\u0105 <\/span><span class=\"BZ_Pyq_fadeIn\">lekcj\u0105 <\/span><span class=\"BZ_Pyq_fadeIn\">o <\/span><span class=\"BZ_Pyq_fadeIn\">wsp\u00f3\u0142czesnej <\/span><span class=\"BZ_Pyq_fadeIn\">dyplomacji <\/span><span class=\"BZ_Pyq_fadeIn\">oraz <\/span><span class=\"BZ_Pyq_fadeIn\">znaczeniu <\/span><span class=\"BZ_Pyq_fadeIn\">relacji <\/span><span class=\"BZ_Pyq_fadeIn\">polsko-<\/span><span class=\"BZ_Pyq_fadeIn\">austriackich.<\/span><\/p>\n<\/div>\n<div id=\"kad-wp-gallery71\" class=\"kad-wp-gallery kad-light-wp-gallery clearfix kt-gallery-column-3 rowtight\"><div class=\"tcol-lg-4 tcol-md-4 tcol-sm-4 tcol-xs-6 tcol-ss-12 g_item\"><div class=\"grid_item kad_gallery_fade_in gallery_item\"><a href=\"http:\/\/konsulat-austrii-wroclaw.pl\/wp-content\/uploads\/2026\/03\/5.jpg\" data-rel=\"lightbox\" class=\"lightboxhover\"><img src=\"http:\/\/konsulat-austrii-wroclaw.pl\/wp-content\/uploads\/2026\/03\/5-400x400.jpg\" width=\"400\" height=\"400\" alt=\"\" srcset=\"http:\/\/konsulat-austrii-wroclaw.pl\/wp-content\/uploads\/2026\/03\/5-400x400.jpg 400w, http:\/\/konsulat-austrii-wroclaw.pl\/wp-content\/uploads\/2026\/03\/5-800x800.jpg 800w\" sizes=\"(max-width: 400px) 100vw, 400px\" class=\"light-dropshaddow\"\/><\/a><\/div><\/div><div class=\"tcol-lg-4 tcol-md-4 tcol-sm-4 tcol-xs-6 tcol-ss-12 g_item\"><div class=\"grid_item kad_gallery_fade_in gallery_item\"><a href=\"http:\/\/konsulat-austrii-wroclaw.pl\/wp-content\/uploads\/2026\/03\/4.jpg\" data-rel=\"lightbox\" class=\"lightboxhover\"><img src=\"http:\/\/konsulat-austrii-wroclaw.pl\/wp-content\/uploads\/2026\/03\/4-400x400.jpg\" width=\"400\" height=\"400\" alt=\"\" srcset=\"http:\/\/konsulat-austrii-wroclaw.pl\/wp-content\/uploads\/2026\/03\/4-400x400.jpg 400w, http:\/\/konsulat-austrii-wroclaw.pl\/wp-content\/uploads\/2026\/03\/4-800x800.jpg 800w\" sizes=\"(max-width: 400px) 100vw, 400px\" class=\"light-dropshaddow\"\/><\/a><\/div><\/div><div class=\"tcol-lg-4 tcol-md-4 tcol-sm-4 tcol-xs-6 tcol-ss-12 g_item\"><div class=\"grid_item kad_gallery_fade_in gallery_item\"><a href=\"http:\/\/konsulat-austrii-wroclaw.pl\/wp-content\/uploads\/2026\/03\/3.jpg\" data-rel=\"lightbox\" class=\"lightboxhover\"><img src=\"http:\/\/konsulat-austrii-wroclaw.pl\/wp-content\/uploads\/2026\/03\/3-400x400.jpg\" width=\"400\" height=\"400\" alt=\"\" srcset=\"http:\/\/konsulat-austrii-wroclaw.pl\/wp-content\/uploads\/2026\/03\/3-400x400.jpg 400w, http:\/\/konsulat-austrii-wroclaw.pl\/wp-content\/uploads\/2026\/03\/3-800x800.jpg 800w\" sizes=\"(max-width: 400px) 100vw, 400px\" class=\"light-dropshaddow\"\/><\/a><\/div><\/div><div class=\"tcol-lg-4 tcol-md-4 tcol-sm-4 tcol-xs-6 tcol-ss-12 g_item\"><div class=\"grid_item kad_gallery_fade_in gallery_item\"><a href=\"http:\/\/konsulat-austrii-wroclaw.pl\/wp-content\/uploads\/2026\/03\/2.jpg\" data-rel=\"lightbox\" class=\"lightboxhover\"><img src=\"http:\/\/konsulat-austrii-wroclaw.pl\/wp-content\/uploads\/2026\/03\/2-400x400.jpg\" width=\"400\" height=\"400\" alt=\"\" srcset=\"http:\/\/konsulat-austrii-wroclaw.pl\/wp-content\/uploads\/2026\/03\/2-400x400.jpg 400w, http:\/\/konsulat-austrii-wroclaw.pl\/wp-content\/uploads\/2026\/03\/2-800x800.jpg 800w\" sizes=\"(max-width: 400px) 100vw, 400px\" class=\"light-dropshaddow\"\/><\/a><\/div><\/div><\/div>\n<\/div>\n<\/div>\n<\/div>\n","protected":false},"excerpt":{"rendered":"<p>[DE] Der Honorarkonsul \u00d6sterreichs f\u00fcr Breslau und Oppeln, Dr. Edward W\u0105siewicz, war zu Gast bei einem Treffen im Zbigniew-Herbert-Gymnasium Nr. 2 in Brzeg. Der Besuch erfolgte auf Einladung der Woiwodin von Oppeln, Frau Monika Jurek, sowie des Schulleiters, Herrn Leszek &hellip; <a href=\"http:\/\/konsulat-austrii-wroclaw.pl\/?p=1987\">Continued<\/a><\/p>\n","protected":false},"author":3,"featured_media":1993,"comment_status":"closed","ping_status":"closed","sticky":false,"template":"","format":"standard","meta":[],"categories":[1],"tags":[],"_links":{"self":[{"href":"http:\/\/konsulat-austrii-wroclaw.pl\/index.php?rest_route=\/wp\/v2\/posts\/1987"}],"collection":[{"href":"http:\/\/konsulat-austrii-wroclaw.pl\/index.php?rest_route=\/wp\/v2\/posts"}],"about":[{"href":"http:\/\/konsulat-austrii-wroclaw.pl\/index.php?rest_route=\/wp\/v2\/types\/post"}],"author":[{"embeddable":true,"href":"http:\/\/konsulat-austrii-wroclaw.pl\/index.php?rest_route=\/wp\/v2\/users\/3"}],"replies":[{"embeddable":true,"href":"http:\/\/konsulat-austrii-wroclaw.pl\/index.php?rest_route=%2Fwp%2Fv2%2Fcomments&post=1987"}],"version-history":[{"count":0,"href":"http:\/\/konsulat-austrii-wroclaw.pl\/index.php?rest_route=\/wp\/v2\/posts\/1987\/revisions"}],"wp:featuredmedia":[{"embeddable":true,"href":"http:\/\/konsulat-austrii-wroclaw.pl\/index.php?rest_route=\/wp\/v2\/media\/1993"}],"wp:attachment":[{"href":"http:\/\/konsulat-austrii-wroclaw.pl\/index.php?rest_route=%2Fwp%2Fv2%2Fmedia&parent=1987"}],"wp:term":[{"taxonomy":"category","embeddable":true,"href":"http:\/\/konsulat-austrii-wroclaw.pl\/index.php?rest_route=%2Fwp%2Fv2%2Fcategories&post=1987"},{"taxonomy":"post_tag","embeddable":true,"href":"http:\/\/konsulat-austrii-wroclaw.pl\/index.php?rest_route=%2Fwp%2Fv2%2Ftags&post=1987"}],"curies":[{"name":"wp","href":"https:\/\/api.w.org\/{rel}","templated":true}]}}