{"id":1997,"date":"2026-04-20T13:43:53","date_gmt":"2026-04-20T11:43:53","guid":{"rendered":"http:\/\/konsulat-austrii-wroclaw.pl\/?p=1997"},"modified":"2026-04-20T13:43:53","modified_gmt":"2026-04-20T11:43:53","slug":"wizyta-prezydenta-landtagu-dolnej-austrii","status":"publish","type":"post","link":"http:\/\/konsulat-austrii-wroclaw.pl\/?p=1997","title":{"rendered":"Wizyta Prezydenta Landtagu Dolnej Austrii"},"content":{"rendered":"[DE] Am 30.03.2026 hatte Konsul Dr. Edward W\u0105siewicz die Ehre und das Vergn\u00fcgen, den Zweiten Pr\u00e4sidenten des Landtags von Nieder\u00f6sterreich, Herrn Gottfried Waldh\u00e4usl, zusammen mit einer Delegation, in unserem Konsulat zu empfangen. Die Gespr\u00e4che \u00fcber die regionale Zusammenarbeit erfolgten in einer freundlichen Atmosph\u00e4re.<\/p>\n[PL] Dnia 30.03.2026 Pan Konsul dr. Edward W\u0105siewicz mia\u0142 zaszczyt i przyjemno\u015b\u0107 go\u015bci\u0107 w naszym Konsulacie Pana Drugiego Prezydenta Landtagu Dolnej Austrii Pana Gottfrieda Waldh\u00e4usla wraz z delegacj\u0105. Rozmowy na temat wsp\u00f3\u0142pracy regionalnej odbywa\u0142y si\u0119 w przyjaznej atmosferze.<\/p>\n<p><img decoding=\"async\" loading=\"lazy\" class=\"alignnone size-medium wp-image-2000\" src=\"http:\/\/konsulat-austrii-wroclaw.pl\/wp-content\/uploads\/2026\/04\/IMG_5207-1-300x225.jpg\" alt=\"\" width=\"300\" height=\"225\" srcset=\"http:\/\/konsulat-austrii-wroclaw.pl\/wp-content\/uploads\/2026\/04\/IMG_5207-1-300x225.jpg 300w, http:\/\/konsulat-austrii-wroclaw.pl\/wp-content\/uploads\/2026\/04\/IMG_5207-1-1024x768.jpg 1024w, http:\/\/konsulat-austrii-wroclaw.pl\/wp-content\/uploads\/2026\/04\/IMG_5207-1-200x150.jpg 200w, http:\/\/konsulat-austrii-wroclaw.pl\/wp-content\/uploads\/2026\/04\/IMG_5207-1-768x576.jpg 768w, http:\/\/konsulat-austrii-wroclaw.pl\/wp-content\/uploads\/2026\/04\/IMG_5207-1-1536x1152.jpg 1536w, http:\/\/konsulat-austrii-wroclaw.pl\/wp-content\/uploads\/2026\/04\/IMG_5207-1.jpg 1920w\" sizes=\"(max-width: 300px) 100vw, 300px\" \/><\/p>\n","protected":false},"excerpt":{"rendered":"<p>[DE] Am 30.03.2026 hatte Konsul Dr. Edward W\u0105siewicz die Ehre und das Vergn\u00fcgen, den Zweiten Pr\u00e4sidenten des Landtags von Nieder\u00f6sterreich, Herrn Gottfried Waldh\u00e4usl, zusammen mit einer Delegation, in unserem Konsulat zu empfangen. Die Gespr\u00e4che \u00fcber die regionale Zusammenarbeit erfolgten in &hellip; <a href=\"http:\/\/konsulat-austrii-wroclaw.pl\/?p=1997\">Continued<\/a><\/p>\n","protected":false},"author":3,"featured_media":1999,"comment_status":"closed","ping_status":"closed","sticky":false,"template":"","format":"standard","meta":[],"categories":[1],"tags":[],"_links":{"self":[{"href":"http:\/\/konsulat-austrii-wroclaw.pl\/index.php?rest_route=\/wp\/v2\/posts\/1997"}],"collection":[{"href":"http:\/\/konsulat-austrii-wroclaw.pl\/index.php?rest_route=\/wp\/v2\/posts"}],"about":[{"href":"http:\/\/konsulat-austrii-wroclaw.pl\/index.php?rest_route=\/wp\/v2\/types\/post"}],"author":[{"embeddable":true,"href":"http:\/\/konsulat-austrii-wroclaw.pl\/index.php?rest_route=\/wp\/v2\/users\/3"}],"replies":[{"embeddable":true,"href":"http:\/\/konsulat-austrii-wroclaw.pl\/index.php?rest_route=%2Fwp%2Fv2%2Fcomments&post=1997"}],"version-history":[{"count":0,"href":"http:\/\/konsulat-austrii-wroclaw.pl\/index.php?rest_route=\/wp\/v2\/posts\/1997\/revisions"}],"wp:featuredmedia":[{"embeddable":true,"href":"http:\/\/konsulat-austrii-wroclaw.pl\/index.php?rest_route=\/wp\/v2\/media\/1999"}],"wp:attachment":[{"href":"http:\/\/konsulat-austrii-wroclaw.pl\/index.php?rest_route=%2Fwp%2Fv2%2Fmedia&parent=1997"}],"wp:term":[{"taxonomy":"category","embeddable":true,"href":"http:\/\/konsulat-austrii-wroclaw.pl\/index.php?rest_route=%2Fwp%2Fv2%2Fcategories&post=1997"},{"taxonomy":"post_tag","embeddable":true,"href":"http:\/\/konsulat-austrii-wroclaw.pl\/index.php?rest_route=%2Fwp%2Fv2%2Ftags&post=1997"}],"curies":[{"name":"wp","href":"https:\/\/api.w.org\/{rel}","templated":true}]}}