{"id":575,"date":"2015-10-27T13:00:07","date_gmt":"2015-10-27T12:00:07","guid":{"rendered":"http:\/\/wasiewicz.pl\/konsulat\/?p=575"},"modified":"2016-04-13T12:14:08","modified_gmt":"2016-04-13T10:14:08","slug":"galeria-uroczystosc-otwarcia-konsulatu-austrii-we-wroclawiu","status":"publish","type":"post","link":"http:\/\/konsulat-austrii-wroclaw.pl\/?p=575","title":{"rendered":"Galeria &#8211; uroczysto\u015b\u0107 otwarcia Konsulatu Austrii we Wroc\u0142awiu"},"content":{"rendered":"<p>&nbsp;<\/p>\n<div id=\"kad-wp-gallery86\" class=\"kad-wp-gallery kad-light-wp-gallery clearfix kt-gallery-column-3 rowtight\"><div class=\"tcol-lg-4 tcol-md-4 tcol-sm-4 tcol-xs-6 tcol-ss-12 g_item\"><div class=\"grid_item kad_gallery_fade_in gallery_item\"><a href=\"http:\/\/konsulat-austrii-wroclaw.pl\/wp-content\/uploads\/2015\/10\/1600px__AHA5904a.jpg\" data-rel=\"lightbox\" class=\"lightboxhover\"><img src=\"http:\/\/konsulat-austrii-wroclaw.pl\/wp-content\/uploads\/2015\/10\/1600px__AHA5904a-400x400.jpg\" width=\"400\" height=\"400\" alt=\"od lewej: Konsul Honorowy Austrii dr Edward W\u0105siewicz, Minister Spraw Zagranicznych Polski Grzegorz Schetyna, Ambasador Austrii Thomas M. Buchsbaum \" srcset=\"http:\/\/konsulat-austrii-wroclaw.pl\/wp-content\/uploads\/2015\/10\/1600px__AHA5904a-400x400.jpg 400w, http:\/\/konsulat-austrii-wroclaw.pl\/wp-content\/uploads\/2015\/10\/1600px__AHA5904a-150x150.jpg 150w, http:\/\/konsulat-austrii-wroclaw.pl\/wp-content\/uploads\/2015\/10\/1600px__AHA5904a-800x800.jpg 800w\" sizes=\"(max-width: 400px) 100vw, 400px\" class=\"light-dropshaddow\"\/><\/a><\/div><\/div><div class=\"tcol-lg-4 tcol-md-4 tcol-sm-4 tcol-xs-6 tcol-ss-12 g_item\"><div class=\"grid_item kad_gallery_fade_in gallery_item\"><a href=\"http:\/\/konsulat-austrii-wroclaw.pl\/wp-content\/uploads\/2015\/10\/1600px__AHA5907a.jpg\" data-rel=\"lightbox\" class=\"lightboxhover\"><img src=\"http:\/\/konsulat-austrii-wroclaw.pl\/wp-content\/uploads\/2015\/10\/1600px__AHA5907a-400x400.jpg\" width=\"400\" height=\"400\" alt=\"\" srcset=\"http:\/\/konsulat-austrii-wroclaw.pl\/wp-content\/uploads\/2015\/10\/1600px__AHA5907a-400x400.jpg 400w, http:\/\/konsulat-austrii-wroclaw.pl\/wp-content\/uploads\/2015\/10\/1600px__AHA5907a-150x150.jpg 150w, http:\/\/konsulat-austrii-wroclaw.pl\/wp-content\/uploads\/2015\/10\/1600px__AHA5907a-800x800.jpg 800w\" sizes=\"(max-width: 400px) 100vw, 400px\" class=\"light-dropshaddow\"\/><\/a><\/div><\/div><div class=\"tcol-lg-4 tcol-md-4 tcol-sm-4 tcol-xs-6 tcol-ss-12 g_item\"><div class=\"grid_item kad_gallery_fade_in gallery_item\"><a href=\"http:\/\/konsulat-austrii-wroclaw.pl\/wp-content\/uploads\/2015\/10\/1600px__AHA5912a.jpg\" data-rel=\"lightbox\" class=\"lightboxhover\"><img src=\"http:\/\/konsulat-austrii-wroclaw.pl\/wp-content\/uploads\/2015\/10\/1600px__AHA5912a-400x400.jpg\" width=\"400\" height=\"400\" alt=\"\" srcset=\"http:\/\/konsulat-austrii-wroclaw.pl\/wp-content\/uploads\/2015\/10\/1600px__AHA5912a-400x400.jpg 400w, http:\/\/konsulat-austrii-wroclaw.pl\/wp-content\/uploads\/2015\/10\/1600px__AHA5912a-150x150.jpg 150w, http:\/\/konsulat-austrii-wroclaw.pl\/wp-content\/uploads\/2015\/10\/1600px__AHA5912a-800x800.jpg 800w\" sizes=\"(max-width: 400px) 100vw, 400px\" class=\"light-dropshaddow\"\/><\/a><\/div><\/div><div class=\"tcol-lg-4 tcol-md-4 tcol-sm-4 tcol-xs-6 tcol-ss-12 g_item\"><div class=\"grid_item kad_gallery_fade_in gallery_item\"><a href=\"http:\/\/konsulat-austrii-wroclaw.pl\/wp-content\/uploads\/2015\/10\/1600px__AHA5931a.jpg\" data-rel=\"lightbox\" class=\"lightboxhover\"><img src=\"http:\/\/konsulat-austrii-wroclaw.pl\/wp-content\/uploads\/2015\/10\/1600px__AHA5931a-400x400.jpg\" width=\"400\" height=\"400\" alt=\"Arcybiskup Metropolita Wroc\u0142awski ks. dr J\u00f3zef Kupny\" srcset=\"http:\/\/konsulat-austrii-wroclaw.pl\/wp-content\/uploads\/2015\/10\/1600px__AHA5931a-400x400.jpg 400w, http:\/\/konsulat-austrii-wroclaw.pl\/wp-content\/uploads\/2015\/10\/1600px__AHA5931a-150x150.jpg 150w, http:\/\/konsulat-austrii-wroclaw.pl\/wp-content\/uploads\/2015\/10\/1600px__AHA5931a-800x800.jpg 800w\" sizes=\"(max-width: 400px) 100vw, 400px\" class=\"light-dropshaddow\"\/><\/a><\/div><\/div><div class=\"tcol-lg-4 tcol-md-4 tcol-sm-4 tcol-xs-6 tcol-ss-12 g_item\"><div class=\"grid_item kad_gallery_fade_in gallery_item\"><a href=\"http:\/\/konsulat-austrii-wroclaw.pl\/wp-content\/uploads\/2015\/10\/1600px__AHA6026a.jpg\" data-rel=\"lightbox\" class=\"lightboxhover\"><img src=\"http:\/\/konsulat-austrii-wroclaw.pl\/wp-content\/uploads\/2015\/10\/1600px__AHA6026a-400x400.jpg\" width=\"400\" height=\"400\" alt=\"Aula Leopoldina 27.08.2015 r. od lewej: Minister Spraw Zagranicznych Polski Grzegorz Schetyna, dr Edward W\u0105siewicz, Ambasador Austrii Thomas M. Buchsbaum \" srcset=\"http:\/\/konsulat-austrii-wroclaw.pl\/wp-content\/uploads\/2015\/10\/1600px__AHA6026a-400x400.jpg 400w, http:\/\/konsulat-austrii-wroclaw.pl\/wp-content\/uploads\/2015\/10\/1600px__AHA6026a-150x150.jpg 150w, http:\/\/konsulat-austrii-wroclaw.pl\/wp-content\/uploads\/2015\/10\/1600px__AHA6026a-800x800.jpg 800w\" sizes=\"(max-width: 400px) 100vw, 400px\" class=\"light-dropshaddow\"\/><\/a><\/div><\/div><div class=\"tcol-lg-4 tcol-md-4 tcol-sm-4 tcol-xs-6 tcol-ss-12 g_item\"><div class=\"grid_item kad_gallery_fade_in gallery_item\"><a href=\"http:\/\/konsulat-austrii-wroclaw.pl\/wp-content\/uploads\/2015\/10\/1600px__AHA6102a.jpg\" data-rel=\"lightbox\" class=\"lightboxhover\"><img src=\"http:\/\/konsulat-austrii-wroclaw.pl\/wp-content\/uploads\/2015\/10\/1600px__AHA6102a-400x400.jpg\" width=\"400\" height=\"400\" alt=\"dr Edward W\u0105siewicz Aula Leopoldina 27.08.2015 r.\" srcset=\"http:\/\/konsulat-austrii-wroclaw.pl\/wp-content\/uploads\/2015\/10\/1600px__AHA6102a-400x400.jpg 400w, http:\/\/konsulat-austrii-wroclaw.pl\/wp-content\/uploads\/2015\/10\/1600px__AHA6102a-150x150.jpg 150w, http:\/\/konsulat-austrii-wroclaw.pl\/wp-content\/uploads\/2015\/10\/1600px__AHA6102a-800x800.jpg 800w\" sizes=\"(max-width: 400px) 100vw, 400px\" class=\"light-dropshaddow\"\/><\/a><\/div><\/div><div class=\"tcol-lg-4 tcol-md-4 tcol-sm-4 tcol-xs-6 tcol-ss-12 g_item\"><div class=\"grid_item kad_gallery_fade_in gallery_item\"><a href=\"http:\/\/konsulat-austrii-wroclaw.pl\/wp-content\/uploads\/2015\/10\/1600px__AHA5969a.jpg\" data-rel=\"lightbox\" class=\"lightboxhover\"><img src=\"http:\/\/konsulat-austrii-wroclaw.pl\/wp-content\/uploads\/2015\/10\/1600px__AHA5969a-400x400.jpg\" width=\"400\" height=\"400\" alt=\"\" srcset=\"http:\/\/konsulat-austrii-wroclaw.pl\/wp-content\/uploads\/2015\/10\/1600px__AHA5969a-400x400.jpg 400w, http:\/\/konsulat-austrii-wroclaw.pl\/wp-content\/uploads\/2015\/10\/1600px__AHA5969a-150x150.jpg 150w, http:\/\/konsulat-austrii-wroclaw.pl\/wp-content\/uploads\/2015\/10\/1600px__AHA5969a-800x800.jpg 800w\" sizes=\"(max-width: 400px) 100vw, 400px\" class=\"light-dropshaddow\"\/><\/a><\/div><\/div><div class=\"tcol-lg-4 tcol-md-4 tcol-sm-4 tcol-xs-6 tcol-ss-12 g_item\"><div class=\"grid_item kad_gallery_fade_in gallery_item\"><a href=\"http:\/\/konsulat-austrii-wroclaw.pl\/wp-content\/uploads\/2015\/10\/1600px__AHA6126a.jpg\" data-rel=\"lightbox\" class=\"lightboxhover\"><img src=\"http:\/\/konsulat-austrii-wroclaw.pl\/wp-content\/uploads\/2015\/10\/1600px__AHA6126a-400x400.jpg\" width=\"400\" height=\"400\" alt=\"\" srcset=\"http:\/\/konsulat-austrii-wroclaw.pl\/wp-content\/uploads\/2015\/10\/1600px__AHA6126a-400x400.jpg 400w, http:\/\/konsulat-austrii-wroclaw.pl\/wp-content\/uploads\/2015\/10\/1600px__AHA6126a-150x150.jpg 150w, http:\/\/konsulat-austrii-wroclaw.pl\/wp-content\/uploads\/2015\/10\/1600px__AHA6126a-800x800.jpg 800w\" sizes=\"(max-width: 400px) 100vw, 400px\" class=\"light-dropshaddow\"\/><\/a><\/div><\/div><\/div>\n","protected":false},"excerpt":{"rendered":"<p>&nbsp;<\/p>\n","protected":false},"author":3,"featured_media":550,"comment_status":"closed","ping_status":"closed","sticky":false,"template":"","format":"standard","meta":[],"categories":[25],"tags":[],"_links":{"self":[{"href":"http:\/\/konsulat-austrii-wroclaw.pl\/index.php?rest_route=\/wp\/v2\/posts\/575"}],"collection":[{"href":"http:\/\/konsulat-austrii-wroclaw.pl\/index.php?rest_route=\/wp\/v2\/posts"}],"about":[{"href":"http:\/\/konsulat-austrii-wroclaw.pl\/index.php?rest_route=\/wp\/v2\/types\/post"}],"author":[{"embeddable":true,"href":"http:\/\/konsulat-austrii-wroclaw.pl\/index.php?rest_route=\/wp\/v2\/users\/3"}],"replies":[{"embeddable":true,"href":"http:\/\/konsulat-austrii-wroclaw.pl\/index.php?rest_route=%2Fwp%2Fv2%2Fcomments&post=575"}],"version-history":[{"count":0,"href":"http:\/\/konsulat-austrii-wroclaw.pl\/index.php?rest_route=\/wp\/v2\/posts\/575\/revisions"}],"wp:featuredmedia":[{"embeddable":true,"href":"http:\/\/konsulat-austrii-wroclaw.pl\/index.php?rest_route=\/wp\/v2\/media\/550"}],"wp:attachment":[{"href":"http:\/\/konsulat-austrii-wroclaw.pl\/index.php?rest_route=%2Fwp%2Fv2%2Fmedia&parent=575"}],"wp:term":[{"taxonomy":"category","embeddable":true,"href":"http:\/\/konsulat-austrii-wroclaw.pl\/index.php?rest_route=%2Fwp%2Fv2%2Fcategories&post=575"},{"taxonomy":"post_tag","embeddable":true,"href":"http:\/\/konsulat-austrii-wroclaw.pl\/index.php?rest_route=%2Fwp%2Fv2%2Ftags&post=575"}],"curies":[{"name":"wp","href":"https:\/\/api.w.org\/{rel}","templated":true}]}}