{"id":609,"date":"2015-11-16T13:06:01","date_gmt":"2015-11-16T12:06:01","guid":{"rendered":"http:\/\/konsulat-austrii-wroclaw.pl\/?p=609"},"modified":"2015-11-17T14:07:40","modified_gmt":"2015-11-17T13:07:40","slug":"w-50-rocznice-smierci-otto-forst-de-battaglia","status":"publish","type":"post","link":"http:\/\/konsulat-austrii-wroclaw.pl\/?p=609","title":{"rendered":"W 50 rocznic\u0119 \u015bmierci Otto Forst de Battaglia"},"content":{"rendered":"<p>Konsulat Austrii we Wroc\u0142awiu zaprasza na wyk\u0142ady po\u015bwi\u0119cone \u017cyciu i tw\u00f3rczo\u015bci tego wielkiego Europejczyka, austriackiego historyka, promotora polskiej kultury.<!--more--><\/p>\n<p>Seria wyk\u0142ad\u00f3w b\u0119dzie mia\u0142a miejsce 19 listopada 2015 r w siedzibie PAN -stacji Naukowej w Wiedniu, w Sali Jana III Sobieskiego.<\/p>\n<p>Organizatorem wyk\u0142ad\u00f3w jest Polska Akademia Nauk Stacja Naukowa w Wiedniu oraz Instytut Filologii Germa\u0144skiej Uniwersytetu Wroc\u0142awskiego, za\u015b wydarzenie to zosta\u0142o obj\u0119te patronatem honorowym przez Konsulat Austrii we Wroc\u0142awiu.<\/p>\n<p><a href=\"http:\/\/konsulat-austrii-wroclaw.pl\/wp-content\/uploads\/2015\/11\/Einladung_19_11_2015.pdf\">Einladung_19_11_2015<\/a><\/p>\n","protected":false},"excerpt":{"rendered":"<p>Konsulat Austrii we Wroc\u0142awiu zaprasza na wyk\u0142ady po\u015bwi\u0119cone \u017cyciu i tw\u00f3rczo\u015bci tego wielkiego Europejczyka, austriackiego historyka, promotora polskiej kultury.<\/p>\n","protected":false},"author":3,"featured_media":610,"comment_status":"closed","ping_status":"closed","sticky":false,"template":"","format":"standard","meta":[],"categories":[26,4],"tags":[],"_links":{"self":[{"href":"http:\/\/konsulat-austrii-wroclaw.pl\/index.php?rest_route=\/wp\/v2\/posts\/609"}],"collection":[{"href":"http:\/\/konsulat-austrii-wroclaw.pl\/index.php?rest_route=\/wp\/v2\/posts"}],"about":[{"href":"http:\/\/konsulat-austrii-wroclaw.pl\/index.php?rest_route=\/wp\/v2\/types\/post"}],"author":[{"embeddable":true,"href":"http:\/\/konsulat-austrii-wroclaw.pl\/index.php?rest_route=\/wp\/v2\/users\/3"}],"replies":[{"embeddable":true,"href":"http:\/\/konsulat-austrii-wroclaw.pl\/index.php?rest_route=%2Fwp%2Fv2%2Fcomments&post=609"}],"version-history":[{"count":0,"href":"http:\/\/konsulat-austrii-wroclaw.pl\/index.php?rest_route=\/wp\/v2\/posts\/609\/revisions"}],"wp:featuredmedia":[{"embeddable":true,"href":"http:\/\/konsulat-austrii-wroclaw.pl\/index.php?rest_route=\/wp\/v2\/media\/610"}],"wp:attachment":[{"href":"http:\/\/konsulat-austrii-wroclaw.pl\/index.php?rest_route=%2Fwp%2Fv2%2Fmedia&parent=609"}],"wp:term":[{"taxonomy":"category","embeddable":true,"href":"http:\/\/konsulat-austrii-wroclaw.pl\/index.php?rest_route=%2Fwp%2Fv2%2Fcategories&post=609"},{"taxonomy":"post_tag","embeddable":true,"href":"http:\/\/konsulat-austrii-wroclaw.pl\/index.php?rest_route=%2Fwp%2Fv2%2Ftags&post=609"}],"curies":[{"name":"wp","href":"https:\/\/api.w.org\/{rel}","templated":true}]}}