{"id":611,"date":"2015-11-17T13:16:17","date_gmt":"2015-11-17T12:16:17","guid":{"rendered":"http:\/\/konsulat-austrii-wroclaw.pl\/?p=611"},"modified":"2015-11-17T13:16:17","modified_gmt":"2015-11-17T12:16:17","slug":"dzien-sluzby-zagranicznej","status":"publish","type":"post","link":"http:\/\/konsulat-austrii-wroclaw.pl\/?p=611","title":{"rendered":"Dzie\u0144 S\u0142u\u017cby Zagranicznej"},"content":{"rendered":"<p>W Opolu w dniu 23.11.2015 b\u0119dzie mia\u0142o miejsce spotkanie z Konsulem dr. Edwardem W\u0105siewiczem<!--more-->Spotkanie odbywa si\u0119 w ramach obchod\u00f3w Dnia S\u0142u\u017cby Zagranicznej i organizowane jest przez Regionalny O\u015brodek Debaty Mi\u0119dzynarodowej w Opolu.<\/p>\n<p>Inicjatywa ta ma na celu przybli\u017cenie obywatelom dzia\u0142alno\u015bci dyplomatycznej i konsularnej r\u00f3\u017cnych palc\u00f3wek.<\/p>\n<p>&nbsp;<\/p>\n","protected":false},"excerpt":{"rendered":"<p>W Opolu w dniu 23.11.2015 b\u0119dzie mia\u0142o miejsce spotkanie z Konsulem dr. Edwardem W\u0105siewiczem<\/p>\n","protected":false},"author":3,"featured_media":612,"comment_status":"closed","ping_status":"closed","sticky":false,"template":"","format":"standard","meta":[],"categories":[4],"tags":[],"_links":{"self":[{"href":"http:\/\/konsulat-austrii-wroclaw.pl\/index.php?rest_route=\/wp\/v2\/posts\/611"}],"collection":[{"href":"http:\/\/konsulat-austrii-wroclaw.pl\/index.php?rest_route=\/wp\/v2\/posts"}],"about":[{"href":"http:\/\/konsulat-austrii-wroclaw.pl\/index.php?rest_route=\/wp\/v2\/types\/post"}],"author":[{"embeddable":true,"href":"http:\/\/konsulat-austrii-wroclaw.pl\/index.php?rest_route=\/wp\/v2\/users\/3"}],"replies":[{"embeddable":true,"href":"http:\/\/konsulat-austrii-wroclaw.pl\/index.php?rest_route=%2Fwp%2Fv2%2Fcomments&post=611"}],"version-history":[{"count":0,"href":"http:\/\/konsulat-austrii-wroclaw.pl\/index.php?rest_route=\/wp\/v2\/posts\/611\/revisions"}],"wp:featuredmedia":[{"embeddable":true,"href":"http:\/\/konsulat-austrii-wroclaw.pl\/index.php?rest_route=\/wp\/v2\/media\/612"}],"wp:attachment":[{"href":"http:\/\/konsulat-austrii-wroclaw.pl\/index.php?rest_route=%2Fwp%2Fv2%2Fmedia&parent=611"}],"wp:term":[{"taxonomy":"category","embeddable":true,"href":"http:\/\/konsulat-austrii-wroclaw.pl\/index.php?rest_route=%2Fwp%2Fv2%2Fcategories&post=611"},{"taxonomy":"post_tag","embeddable":true,"href":"http:\/\/konsulat-austrii-wroclaw.pl\/index.php?rest_route=%2Fwp%2Fv2%2Ftags&post=611"}],"curies":[{"name":"wp","href":"https:\/\/api.w.org\/{rel}","templated":true}]}}