{"id":633,"date":"2015-11-27T13:21:21","date_gmt":"2015-11-27T12:21:21","guid":{"rendered":"http:\/\/konsulat-austrii-wroclaw.pl\/?p=633"},"modified":"2016-01-14T18:50:11","modified_gmt":"2016-01-14T17:50:11","slug":"curie_meitner_lamar_niepodzielne","status":"publish","type":"post","link":"http:\/\/konsulat-austrii-wroclaw.pl\/?p=633","title":{"rendered":"Curie_Meitner_Lamar niepodzielne"},"content":{"rendered":"<p>AUSTRIACKIE FORUM KULTURY W WARSZAWIE ORAZ BIBLIOTEKA AUSTRIACKA UNIWERSYTETU WROC\u0141AWSKIEGO ZAPRASZAJ\u0104 NA SZTUK\u0118 TEATRALN\u0104<!--more--><\/p>\n<p>\u201eCURIE_MEITNER_LAMARR_niepodzielne\u201d<\/p>\n<p><a href=\"http:\/\/konsulat-austrii-wroclaw.pl\/wp-content\/uploads\/2015\/11\/CURIE_MEITNER_LAMARR_ZAPROSZENIE.doc\">CURIE_MEITNER_LAMARR_ZAPROSZENIE<\/a><\/p>\n","protected":false},"excerpt":{"rendered":"<p>AUSTRIACKIE FORUM KULTURY W WARSZAWIE ORAZ BIBLIOTEKA AUSTRIACKA UNIWERSYTETU WROC\u0141AWSKIEGO ZAPRASZAJ\u0104 NA SZTUK\u0118 TEATRALN\u0104<\/p>\n","protected":false},"author":3,"featured_media":636,"comment_status":"closed","ping_status":"closed","sticky":false,"template":"","format":"standard","meta":[],"categories":[4],"tags":[],"_links":{"self":[{"href":"http:\/\/konsulat-austrii-wroclaw.pl\/index.php?rest_route=\/wp\/v2\/posts\/633"}],"collection":[{"href":"http:\/\/konsulat-austrii-wroclaw.pl\/index.php?rest_route=\/wp\/v2\/posts"}],"about":[{"href":"http:\/\/konsulat-austrii-wroclaw.pl\/index.php?rest_route=\/wp\/v2\/types\/post"}],"author":[{"embeddable":true,"href":"http:\/\/konsulat-austrii-wroclaw.pl\/index.php?rest_route=\/wp\/v2\/users\/3"}],"replies":[{"embeddable":true,"href":"http:\/\/konsulat-austrii-wroclaw.pl\/index.php?rest_route=%2Fwp%2Fv2%2Fcomments&post=633"}],"version-history":[{"count":0,"href":"http:\/\/konsulat-austrii-wroclaw.pl\/index.php?rest_route=\/wp\/v2\/posts\/633\/revisions"}],"wp:featuredmedia":[{"embeddable":true,"href":"http:\/\/konsulat-austrii-wroclaw.pl\/index.php?rest_route=\/wp\/v2\/media\/636"}],"wp:attachment":[{"href":"http:\/\/konsulat-austrii-wroclaw.pl\/index.php?rest_route=%2Fwp%2Fv2%2Fmedia&parent=633"}],"wp:term":[{"taxonomy":"category","embeddable":true,"href":"http:\/\/konsulat-austrii-wroclaw.pl\/index.php?rest_route=%2Fwp%2Fv2%2Fcategories&post=633"},{"taxonomy":"post_tag","embeddable":true,"href":"http:\/\/konsulat-austrii-wroclaw.pl\/index.php?rest_route=%2Fwp%2Fv2%2Ftags&post=633"}],"curies":[{"name":"wp","href":"https:\/\/api.w.org\/{rel}","templated":true}]}}