{"id":639,"date":"2015-12-02T12:52:01","date_gmt":"2015-12-02T11:52:01","guid":{"rendered":"http:\/\/konsulat-austrii-wroclaw.pl\/?p=639"},"modified":"2015-12-02T14:38:11","modified_gmt":"2015-12-02T13:38:11","slug":"miedzy-pamiecia-a-wyobraznia-uniwersum-poezji-rose-auslander","status":"publish","type":"post","link":"http:\/\/konsulat-austrii-wroclaw.pl\/?p=639","title":{"rendered":"Mi\u0119dzy pami\u0119ci\u0105 a wyobra\u017ani\u0105. Uniwersum poezji Rose Ausl\u00e4nder"},"content":{"rendered":"<p>W ramach 24 Wroc\u0142awskich Targ\u00f3w Dobrych Ksi\u0105\u017cek,<!--more-->Oficyna Wydawnicza ATUT, Instytut Filologii Germa\u0144skiej, Biblioteka Austriacka oraz naturalnie Konsulat Austrii we Wroc\u0142awiu<\/p>\n<p>zapraszaj\u0105 na spotkanie z <strong>profesor Mari\u0105 K\u0142a\u0144sk\u0105<\/strong> autork\u0105 ksi\u0105\u017cki:&#8221; Mi\u0119dzy pami\u0119ci\u0105 a wyobra\u017ani\u0105. Uniwersum poezji Rose Ausl\u00e4nder&#8221;.<\/p>\n<p><a href=\"http:\/\/konsulat-austrii-wroclaw.pl\/wp-content\/uploads\/2015\/12\/15_12_02_Zaproszenie_K\u0142a\u0144ska.pdf\">15_12_02_Zaproszenie_K\u0142a\u0144ska<\/a><\/p>\n","protected":false},"excerpt":{"rendered":"<p>W ramach 24 Wroc\u0142awskich Targ\u00f3w Dobrych Ksi\u0105\u017cek,<\/p>\n","protected":false},"author":3,"featured_media":637,"comment_status":"closed","ping_status":"closed","sticky":false,"template":"","format":"standard","meta":[],"categories":[26,4],"tags":[],"_links":{"self":[{"href":"http:\/\/konsulat-austrii-wroclaw.pl\/index.php?rest_route=\/wp\/v2\/posts\/639"}],"collection":[{"href":"http:\/\/konsulat-austrii-wroclaw.pl\/index.php?rest_route=\/wp\/v2\/posts"}],"about":[{"href":"http:\/\/konsulat-austrii-wroclaw.pl\/index.php?rest_route=\/wp\/v2\/types\/post"}],"author":[{"embeddable":true,"href":"http:\/\/konsulat-austrii-wroclaw.pl\/index.php?rest_route=\/wp\/v2\/users\/3"}],"replies":[{"embeddable":true,"href":"http:\/\/konsulat-austrii-wroclaw.pl\/index.php?rest_route=%2Fwp%2Fv2%2Fcomments&post=639"}],"version-history":[{"count":0,"href":"http:\/\/konsulat-austrii-wroclaw.pl\/index.php?rest_route=\/wp\/v2\/posts\/639\/revisions"}],"wp:featuredmedia":[{"embeddable":true,"href":"http:\/\/konsulat-austrii-wroclaw.pl\/index.php?rest_route=\/wp\/v2\/media\/637"}],"wp:attachment":[{"href":"http:\/\/konsulat-austrii-wroclaw.pl\/index.php?rest_route=%2Fwp%2Fv2%2Fmedia&parent=639"}],"wp:term":[{"taxonomy":"category","embeddable":true,"href":"http:\/\/konsulat-austrii-wroclaw.pl\/index.php?rest_route=%2Fwp%2Fv2%2Fcategories&post=639"},{"taxonomy":"post_tag","embeddable":true,"href":"http:\/\/konsulat-austrii-wroclaw.pl\/index.php?rest_route=%2Fwp%2Fv2%2Ftags&post=639"}],"curies":[{"name":"wp","href":"https:\/\/api.w.org\/{rel}","templated":true}]}}