{"id":703,"date":"2016-04-07T13:17:53","date_gmt":"2016-04-07T11:17:53","guid":{"rendered":"http:\/\/konsulat-austrii-wroclaw.pl\/?p=703"},"modified":"2016-04-07T13:26:30","modified_gmt":"2016-04-07T11:26:30","slug":"swiadkowie-czasow-wystawa","status":"publish","type":"post","link":"http:\/\/konsulat-austrii-wroclaw.pl\/?p=703","title":{"rendered":"\u015awiadkowie czas\u00f3w- WYSTAWA"},"content":{"rendered":"<p><strong>\u015awiadkowie czas\u00f3w \u2013 fotografia w Austrii po 1945 roku<\/strong><\/p>\n<p>Wyj\u0105tkowa wystawa, kt\u00f3rej otwarcie we Wroc\u0142awiu b\u0119dzie mia\u0142o miejsce 21 kwietnia 2016 r.<\/p>\n<p><!--more--><\/p>\n<p style=\"text-align: justify;\">Stowarzyszenie Fotograficzne (Photographische Gesellschaft PhG) to najstarsze stowarzyszenie fotograficzne niemieckoj\u0119zycznego obszaru geograficznego, za\u0142o\u017cone w Wiedniu 22 marca 1861 przez Antona Georga Martina. Stowarzyszenie w roku 2011 obchodzi\u0142o swoje 150 urodziny, przy tej w\u0142a\u015bnie okazji przygotowana zosta\u0142a wyj\u0105tkowa wystawa <strong>\u201e\u015awiadkowie czas\u00f3w \u2013 fotografia w Austrii po 1945 roku\u201d.<\/strong> Wyboru prac dokonali \u015bwiatowej s\u0142awy fotografik Horst Stasny i Prof. Dr Werner Sobotka, Prezes PhG.<\/p>\n<p style=\"text-align: justify;\">Tw\u00f3rcom wystawy zale\u017ca\u0142o, by fotografi\u0119 pokaza\u0107 w inny spos\u00f3b. Prace na wystawie prezentowane s\u0105 wi\u0119c nie w spos\u00f3b linearny, ale uporz\u0105dkowane zosta\u0142y w kolejno\u015bci tematycznej, by odda\u0107 wielobarwno\u015bci fotografii.<\/p>\n<p style=\"text-align: justify;\">Jak podkre\u015bla dr Werner Sobotka, fotografowie, to prawdziwi \u015bwiadkowie czas\u00f3w w tym przypadku ca\u0142ej jednej generacji &#8211; epoki. 65 lat historii fotografii udokumentowanych zosta\u0142o przez ponad setk\u0119 najbardziej znacz\u0105cych austriackich fotograf\u00f3w. Jest to szczeg\u00f3lna mieszanka sk\u0142adaj\u0105ca si\u0119 z tego, co stare i m\u0142ode, z fotografii prasowej, portretowej i z wielu innych, pozwalaj\u0105ca zwiedzaj\u0105cym na wgl\u0105d w t\u0105 epok\u0119.<\/p>\n<p>Jako wsp\u00f3\u0142organizatorzy bardzo gor\u0105co zapraszamy na wernisa\u017c wystawy: <a href=\"http:\/\/konsulat-austrii-wroclaw.pl\/wp-content\/uploads\/2016\/04\/zaproszenie_wystawa_Wroclaw.pdf\">zaproszenie_wystawa_Wroclaw<\/a><\/p>\n","protected":false},"excerpt":{"rendered":"<p>\u015awiadkowie czas\u00f3w \u2013 fotografia w Austrii po 1945 roku Wyj\u0105tkowa wystawa, kt\u00f3rej otwarcie we Wroc\u0142awiu b\u0119dzie mia\u0142o miejsce 21 kwietnia 2016 r.<\/p>\n","protected":false},"author":3,"featured_media":722,"comment_status":"closed","ping_status":"closed","sticky":false,"template":"","format":"standard","meta":[],"categories":[26,4],"tags":[],"_links":{"self":[{"href":"http:\/\/konsulat-austrii-wroclaw.pl\/index.php?rest_route=\/wp\/v2\/posts\/703"}],"collection":[{"href":"http:\/\/konsulat-austrii-wroclaw.pl\/index.php?rest_route=\/wp\/v2\/posts"}],"about":[{"href":"http:\/\/konsulat-austrii-wroclaw.pl\/index.php?rest_route=\/wp\/v2\/types\/post"}],"author":[{"embeddable":true,"href":"http:\/\/konsulat-austrii-wroclaw.pl\/index.php?rest_route=\/wp\/v2\/users\/3"}],"replies":[{"embeddable":true,"href":"http:\/\/konsulat-austrii-wroclaw.pl\/index.php?rest_route=%2Fwp%2Fv2%2Fcomments&post=703"}],"version-history":[{"count":0,"href":"http:\/\/konsulat-austrii-wroclaw.pl\/index.php?rest_route=\/wp\/v2\/posts\/703\/revisions"}],"wp:featuredmedia":[{"embeddable":true,"href":"http:\/\/konsulat-austrii-wroclaw.pl\/index.php?rest_route=\/wp\/v2\/media\/722"}],"wp:attachment":[{"href":"http:\/\/konsulat-austrii-wroclaw.pl\/index.php?rest_route=%2Fwp%2Fv2%2Fmedia&parent=703"}],"wp:term":[{"taxonomy":"category","embeddable":true,"href":"http:\/\/konsulat-austrii-wroclaw.pl\/index.php?rest_route=%2Fwp%2Fv2%2Fcategories&post=703"},{"taxonomy":"post_tag","embeddable":true,"href":"http:\/\/konsulat-austrii-wroclaw.pl\/index.php?rest_route=%2Fwp%2Fv2%2Ftags&post=703"}],"curies":[{"name":"wp","href":"https:\/\/api.w.org\/{rel}","templated":true}]}}