{"id":705,"date":"2016-03-22T13:16:42","date_gmt":"2016-03-22T12:16:42","guid":{"rendered":"http:\/\/konsulat-austrii-wroclaw.pl\/?p=705"},"modified":"2016-03-22T13:28:52","modified_gmt":"2016-03-22T12:28:52","slug":"16-wiosna-austriacka","status":"publish","type":"post","link":"http:\/\/konsulat-austrii-wroclaw.pl\/?p=705","title":{"rendered":"16 Wiosna Austriacka"},"content":{"rendered":"<p>W\u0142a\u015bnie trwaj\u0105 wydarzenia w ramach 16 Wiosny Austriackiej, organizowanej przez Wojew\u00f3dzk\u0105 Bibliotek\u0119 Publiczn\u0105 w Opolu. Bibliotek\u0119 Austriack\u0105.<!--more--><\/p>\n<p>Tegoroczn\u0105 Wiosn\u0119 Austriack\u0105 patronatem honorowym obj\u0105\u0142 Ambasador Republiki Austrii w Polsce dr Thomas M. Buchsbaum, Konsul Honorowy Austrii dr Edward W\u0105siewicz oraz Marsza\u0142ek Wojew\u00f3dztwa Opolskiego Andrzej Bu\u0142a.<\/p>\n<p>Konsulat Republiki Austrii ze swojej strony szczeg\u00f3lnie zaprasza na odbywaj\u0105c\u0105 si\u0119 w ramach 16 Wiosny Austriackiej wystaw\u0119:<\/p>\n<p><strong><em>\u015awiadkowie czas\u00f3w<\/em><\/strong><\/p>\n<p><strong><em>Fotografia w Austrii po 1945 roku.<\/em><\/strong><\/p>\n<p>Zach\u0119camy do zapoznania si\u0119 ze szczeg\u00f3\u0142ami zaproszenia na wernisa\u017c wystawy w dniu 30 marca 2016 r.<\/p>\n<p>jak i do zapoznania si\u0119 z pozosta\u0142ymi punktami programu Austriackiej Wiosny w Opolu. <a href=\"http:\/\/konsulat-austrii-wroclaw.pl\/wp-content\/uploads\/2016\/03\/16-WA_zaproszenie_strona-02.pdf\">16 WA_zaproszenie_strona 02<\/a><\/p>\n","protected":false},"excerpt":{"rendered":"<p>W\u0142a\u015bnie trwaj\u0105 wydarzenia w ramach 16 Wiosny Austriackiej, organizowanej przez Wojew\u00f3dzk\u0105 Bibliotek\u0119 Publiczn\u0105 w Opolu. Bibliotek\u0119 Austriack\u0105.<\/p>\n","protected":false},"author":3,"featured_media":706,"comment_status":"closed","ping_status":"closed","sticky":false,"template":"","format":"standard","meta":[],"categories":[26,4],"tags":[],"_links":{"self":[{"href":"http:\/\/konsulat-austrii-wroclaw.pl\/index.php?rest_route=\/wp\/v2\/posts\/705"}],"collection":[{"href":"http:\/\/konsulat-austrii-wroclaw.pl\/index.php?rest_route=\/wp\/v2\/posts"}],"about":[{"href":"http:\/\/konsulat-austrii-wroclaw.pl\/index.php?rest_route=\/wp\/v2\/types\/post"}],"author":[{"embeddable":true,"href":"http:\/\/konsulat-austrii-wroclaw.pl\/index.php?rest_route=\/wp\/v2\/users\/3"}],"replies":[{"embeddable":true,"href":"http:\/\/konsulat-austrii-wroclaw.pl\/index.php?rest_route=%2Fwp%2Fv2%2Fcomments&post=705"}],"version-history":[{"count":0,"href":"http:\/\/konsulat-austrii-wroclaw.pl\/index.php?rest_route=\/wp\/v2\/posts\/705\/revisions"}],"wp:featuredmedia":[{"embeddable":true,"href":"http:\/\/konsulat-austrii-wroclaw.pl\/index.php?rest_route=\/wp\/v2\/media\/706"}],"wp:attachment":[{"href":"http:\/\/konsulat-austrii-wroclaw.pl\/index.php?rest_route=%2Fwp%2Fv2%2Fmedia&parent=705"}],"wp:term":[{"taxonomy":"category","embeddable":true,"href":"http:\/\/konsulat-austrii-wroclaw.pl\/index.php?rest_route=%2Fwp%2Fv2%2Fcategories&post=705"},{"taxonomy":"post_tag","embeddable":true,"href":"http:\/\/konsulat-austrii-wroclaw.pl\/index.php?rest_route=%2Fwp%2Fv2%2Ftags&post=705"}],"curies":[{"name":"wp","href":"https:\/\/api.w.org\/{rel}","templated":true}]}}