{"id":708,"date":"2016-03-22T13:46:06","date_gmt":"2016-03-22T12:46:06","guid":{"rendered":"http:\/\/konsulat-austrii-wroclaw.pl\/?p=708"},"modified":"2016-04-07T13:06:35","modified_gmt":"2016-04-07T11:06:35","slug":"frohe-ostern-wesolych-swiat","status":"publish","type":"post","link":"http:\/\/konsulat-austrii-wroclaw.pl\/?p=708","title":{"rendered":"Frohe Ostern! Weso\u0142ych \u015awi\u0105t!"},"content":{"rendered":"<p><a href=\"http:\/\/konsulat-austrii-wroclaw.pl\/wp-content\/uploads\/2016\/04\/kartka-do-internetu-DE.jpg\"><img decoding=\"async\" loading=\"lazy\" class=\"alignleft size-full wp-image-718\" src=\"http:\/\/konsulat-austrii-wroclaw.pl\/wp-content\/uploads\/2016\/04\/kartka-do-internetu-DE.jpg\" alt=\"kartka-do-internetu-DE\" width=\"1200\" height=\"1200\" srcset=\"http:\/\/konsulat-austrii-wroclaw.pl\/wp-content\/uploads\/2016\/04\/kartka-do-internetu-DE.jpg 1200w, http:\/\/konsulat-austrii-wroclaw.pl\/wp-content\/uploads\/2016\/04\/kartka-do-internetu-DE-150x150.jpg 150w, http:\/\/konsulat-austrii-wroclaw.pl\/wp-content\/uploads\/2016\/04\/kartka-do-internetu-DE-300x300.jpg 300w, http:\/\/konsulat-austrii-wroclaw.pl\/wp-content\/uploads\/2016\/04\/kartka-do-internetu-DE-1024x1024.jpg 1024w\" sizes=\"(max-width: 1200px) 100vw, 1200px\" \/><\/a><\/p>\n","protected":false},"excerpt":{"rendered":"","protected":false},"author":3,"featured_media":715,"comment_status":"closed","ping_status":"closed","sticky":false,"template":"","format":"standard","meta":[],"categories":[4],"tags":[],"_links":{"self":[{"href":"http:\/\/konsulat-austrii-wroclaw.pl\/index.php?rest_route=\/wp\/v2\/posts\/708"}],"collection":[{"href":"http:\/\/konsulat-austrii-wroclaw.pl\/index.php?rest_route=\/wp\/v2\/posts"}],"about":[{"href":"http:\/\/konsulat-austrii-wroclaw.pl\/index.php?rest_route=\/wp\/v2\/types\/post"}],"author":[{"embeddable":true,"href":"http:\/\/konsulat-austrii-wroclaw.pl\/index.php?rest_route=\/wp\/v2\/users\/3"}],"replies":[{"embeddable":true,"href":"http:\/\/konsulat-austrii-wroclaw.pl\/index.php?rest_route=%2Fwp%2Fv2%2Fcomments&post=708"}],"version-history":[{"count":0,"href":"http:\/\/konsulat-austrii-wroclaw.pl\/index.php?rest_route=\/wp\/v2\/posts\/708\/revisions"}],"wp:featuredmedia":[{"embeddable":true,"href":"http:\/\/konsulat-austrii-wroclaw.pl\/index.php?rest_route=\/wp\/v2\/media\/715"}],"wp:attachment":[{"href":"http:\/\/konsulat-austrii-wroclaw.pl\/index.php?rest_route=%2Fwp%2Fv2%2Fmedia&parent=708"}],"wp:term":[{"taxonomy":"category","embeddable":true,"href":"http:\/\/konsulat-austrii-wroclaw.pl\/index.php?rest_route=%2Fwp%2Fv2%2Fcategories&post=708"},{"taxonomy":"post_tag","embeddable":true,"href":"http:\/\/konsulat-austrii-wroclaw.pl\/index.php?rest_route=%2Fwp%2Fv2%2Ftags&post=708"}],"curies":[{"name":"wp","href":"https:\/\/api.w.org\/{rel}","templated":true}]}}