{"id":957,"date":"2017-05-30T09:52:28","date_gmt":"2017-05-30T07:52:28","guid":{"rendered":"http:\/\/konsulat-austrii-wroclaw.pl\/?p=957"},"modified":"2017-05-30T10:00:14","modified_gmt":"2017-05-30T08:00:14","slug":"ostatnie-wydarzenie-w-ramach-17-wiosny-austriackiej","status":"publish","type":"post","link":"http:\/\/konsulat-austrii-wroclaw.pl\/?p=957","title":{"rendered":"Ostatnie wydarzenie w ramach 17 Wiosny Austriackiej"},"content":{"rendered":"<p>W imieniu Wojew\u00f3dzkiej Biblioteki Publicznej w Opolu &#8211; Biblioteki Austriackiej<!--more--><\/p>\n<p>i\u00a0 Austriackiego Forum Kultury w Warszawie<\/p>\n<p>&nbsp;<\/p>\n<p>zapraszamy na ostatnie wydarzenie organizowane w ramach 17 Wiosny Austriackiej:<\/p>\n<p>&nbsp;<\/p>\n<p style=\"text-align: center;\"><strong>Spotkanie z\u00a0 historykiem i dyplomat\u0105 dr <\/strong><strong>Jakubem Forst-Battagli\u0105,<\/strong><\/p>\n<p style=\"text-align: center;\">go\u015b\u0107 wyg\u0142osi wyk\u0142ad<strong>\u00a0 <\/strong><strong>&#8222;Mi\u0119dzy Wiedniem a Galicj\u0105, Austri\u0105 a Polsk\u0105. <\/strong><strong>Kalejdoskop stosunk\u00f3w kulturalnych od XVIII do XX wieku &#8222;<\/strong><\/p>\n<p style=\"text-align: center;\">(w j. polskim)<\/p>\n<p style=\"text-align: center;\"><strong>w dniu 1 czerwca 2017 o godz. 17.00\u00a0 w Wojew\u00f3dzkiej Bibliotece Publicznej w Opolu, ul. Piastowska 20.\u00a0\u00a0\u00a0\u00a0\u00a0\u00a0\u00a0\u00a0\u00a0\u00a0\u00a0 <\/strong>Wst\u0119p wolny<\/p>\n<p>&nbsp;<\/p>\n<p>Plakat <a href=\"http:\/\/www.ba.wbp.opole.pl\/forst.html\" target=\"_blank\">http:\/\/www.ba.wbp.opole.pl\/forst.html<\/a><\/p>\n<p style=\"text-align: justify;\"><strong>Dr Jakub Forst-Battaglia<\/strong> jest wnukiem wybitnego wiede\u0144skiego historyka, dyplomaty i krytyka literackiego profesora Ottona Forst de Bataglii (1889-1965), wysoce zas\u0142u\u017conej postaci austriacko-polskiego pogranicza naukowego i literackiego, autora m.in. cenionych monografii o Stanis\u0142awie Augu\u015bcie Poniatowskim i Janie III Sobieskim. Z wykszta\u0142cenia historyk (autor m.in. prac z zakresu dziej\u00f3w Galicji, maj\u0105cego kilka wyda\u0144 obszernego przewodnika po Polsce oraz ciekawej ksi\u0105\u017cki <em>\u201ePolski Wiede\u0144\u201d<\/em>) jest wieloletnim dyplomat\u0105 w randze ambasadora.<\/p>\n<p>W spotkaniu we\u017amie udzia\u0142 Konsul Honorowy Republiki Austrii we Wroc\u0142awiu, dr Edward W\u0105siewicz<\/p>\n<p>Po spotkaniu organizatorzy zapraszaj\u0105 na lampk\u0119 wina z Austrii.<\/p>\n","protected":false},"excerpt":{"rendered":"<p>W imieniu Wojew\u00f3dzkiej Biblioteki Publicznej w Opolu &#8211; Biblioteki Austriackiej<\/p>\n","protected":false},"author":3,"featured_media":920,"comment_status":"closed","ping_status":"closed","sticky":false,"template":"","format":"standard","meta":[],"categories":[26,4],"tags":[],"_links":{"self":[{"href":"http:\/\/konsulat-austrii-wroclaw.pl\/index.php?rest_route=\/wp\/v2\/posts\/957"}],"collection":[{"href":"http:\/\/konsulat-austrii-wroclaw.pl\/index.php?rest_route=\/wp\/v2\/posts"}],"about":[{"href":"http:\/\/konsulat-austrii-wroclaw.pl\/index.php?rest_route=\/wp\/v2\/types\/post"}],"author":[{"embeddable":true,"href":"http:\/\/konsulat-austrii-wroclaw.pl\/index.php?rest_route=\/wp\/v2\/users\/3"}],"replies":[{"embeddable":true,"href":"http:\/\/konsulat-austrii-wroclaw.pl\/index.php?rest_route=%2Fwp%2Fv2%2Fcomments&post=957"}],"version-history":[{"count":0,"href":"http:\/\/konsulat-austrii-wroclaw.pl\/index.php?rest_route=\/wp\/v2\/posts\/957\/revisions"}],"wp:featuredmedia":[{"embeddable":true,"href":"http:\/\/konsulat-austrii-wroclaw.pl\/index.php?rest_route=\/wp\/v2\/media\/920"}],"wp:attachment":[{"href":"http:\/\/konsulat-austrii-wroclaw.pl\/index.php?rest_route=%2Fwp%2Fv2%2Fmedia&parent=957"}],"wp:term":[{"taxonomy":"category","embeddable":true,"href":"http:\/\/konsulat-austrii-wroclaw.pl\/index.php?rest_route=%2Fwp%2Fv2%2Fcategories&post=957"},{"taxonomy":"post_tag","embeddable":true,"href":"http:\/\/konsulat-austrii-wroclaw.pl\/index.php?rest_route=%2Fwp%2Fv2%2Ftags&post=957"}],"curies":[{"name":"wp","href":"https:\/\/api.w.org\/{rel}","templated":true}]}}