{"id":987,"date":"2017-07-31T13:00:54","date_gmt":"2017-07-31T11:00:54","guid":{"rendered":"http:\/\/konsulat-austrii-wroclaw.pl\/?p=987"},"modified":"2017-07-31T13:40:25","modified_gmt":"2017-07-31T11:40:25","slug":"edith-stein-an-der-universitat-breslau-zaproszenie-na-wyklad","status":"publish","type":"post","link":"http:\/\/konsulat-austrii-wroclaw.pl\/?p=987","title":{"rendered":"Edith Stein an der Universit\u00e4t Breslau- zaproszenie na wyk\u0142ad"},"content":{"rendered":"<p>Serdecznie zapraszamy na wyk\u0142ad<!--more-->Pani prof. dr hab. Hanny-Barbary Gerl-Falkovitz<\/p>\n<p>\u201eEdith Stein an der Universit\u00e4t Breslau.<\/p>\n<p>Wszystkie najwa\u017cniejsze informacje znajduj\u0105 si\u0119 na poni\u017cszym plakacie:<\/p>\n<p><a href=\"http:\/\/konsulat-austrii-wroclaw.pl\/wp-content\/uploads\/2017\/07\/Plakat-3-sierpnia-2017-nowy.pdf\">Plakat 3 sierpnia 2017 nowy<\/a><\/p>\n","protected":false},"excerpt":{"rendered":"<p>Serdecznie zapraszamy na wyk\u0142ad<\/p>\n","protected":false},"author":3,"featured_media":990,"comment_status":"closed","ping_status":"closed","sticky":false,"template":"","format":"standard","meta":[],"categories":[26,4],"tags":[],"_links":{"self":[{"href":"http:\/\/konsulat-austrii-wroclaw.pl\/index.php?rest_route=\/wp\/v2\/posts\/987"}],"collection":[{"href":"http:\/\/konsulat-austrii-wroclaw.pl\/index.php?rest_route=\/wp\/v2\/posts"}],"about":[{"href":"http:\/\/konsulat-austrii-wroclaw.pl\/index.php?rest_route=\/wp\/v2\/types\/post"}],"author":[{"embeddable":true,"href":"http:\/\/konsulat-austrii-wroclaw.pl\/index.php?rest_route=\/wp\/v2\/users\/3"}],"replies":[{"embeddable":true,"href":"http:\/\/konsulat-austrii-wroclaw.pl\/index.php?rest_route=%2Fwp%2Fv2%2Fcomments&post=987"}],"version-history":[{"count":0,"href":"http:\/\/konsulat-austrii-wroclaw.pl\/index.php?rest_route=\/wp\/v2\/posts\/987\/revisions"}],"wp:featuredmedia":[{"embeddable":true,"href":"http:\/\/konsulat-austrii-wroclaw.pl\/index.php?rest_route=\/wp\/v2\/media\/990"}],"wp:attachment":[{"href":"http:\/\/konsulat-austrii-wroclaw.pl\/index.php?rest_route=%2Fwp%2Fv2%2Fmedia&parent=987"}],"wp:term":[{"taxonomy":"category","embeddable":true,"href":"http:\/\/konsulat-austrii-wroclaw.pl\/index.php?rest_route=%2Fwp%2Fv2%2Fcategories&post=987"},{"taxonomy":"post_tag","embeddable":true,"href":"http:\/\/konsulat-austrii-wroclaw.pl\/index.php?rest_route=%2Fwp%2Fv2%2Ftags&post=987"}],"curies":[{"name":"wp","href":"https:\/\/api.w.org\/{rel}","templated":true}]}}